{"id":162611,"date":"2023-07-13T10:03:24","date_gmt":"2023-07-13T08:03:24","guid":{"rendered":"http:\/\/www.messinaoggi.it\/website\/?p=162611"},"modified":"2023-07-13T10:04:29","modified_gmt":"2023-07-13T08:04:29","slug":"protesta-ersu-direttore-solidale-con-dipendenti","status":"publish","type":"post","link":"https:\/\/www.messinaoggi.it\/website\/2023\/07\/13\/protesta-ersu-direttore-solidale-con-dipendenti\/","title":{"rendered":"Protesta Ersu, Direttore solidale con dipendenti"},"content":{"rendered":"\n<p>Anche all\u2019E.R.S.U. di Messina \u00e8 stato dichiarato lo stato di agitazione del personale del comparto non dirigenziale, indetto da tutte le sigle sindacali firmatarie del C.C.R.L., agitazione causata dalla mancanza di copertura finanziaria per la riclassificazione ed il rinnovo contrattuale.<div id=\"div-gpt-ad-Messinaoggi.it-DSK-300x250-corpoart\" style=\"text-align:center;margin:0 auto;\"><\/div><\/p>\n\n\n\n<p>Il Direttore Ing. <strong>Santi Trovato, <\/strong>prendendo atto dell\u2019adesione di tutto il personale alla protesta, consistente nello svolgimento delle mansioni strettamente attinenti alla qualifiche possedute, esprime la propria solidariet\u00e0 e totale condivisione delle motivazioni della protesta e chiede in una nota ai vertici regionali di fare quanto \u00e8 nelle loro possibilit\u00e0, affinch\u00e9 possa essere risolta la questione nel breve periodo, considerando ci\u00f2 un atto di rispetto della dignit\u00e0 di lavoratrici e lavoratori che da oltre un ventennio si spendono, con competenza e disponibilit\u00e0, per il buon andamento degli uffici. L\u2019auspicata risoluzione della questione, continua il Direttore, rappresenterebbe, pertanto, un vantaggio certo sia per il personale che per l\u2019Amministrazione, ci\u00f2 anche al fine di evitare gravi disservizi che gi\u00e0, dopo pochi giorni, si prospettano, quali il mancato perfezionamento delle gare d\u2019appalto in itinere e, cosa anche pi\u00f9 grave per l\u2019utenza, l\u2019espletamento di circa 7000 pratiche annuali di richieste di borse di studio, oltre all\u2019impossibilit\u00e0 di procedere al pagamento dei fornitori.<div id=\"videoincontent\" style=\"clear:both\";><\/div><\/p>\n","protected":false},"excerpt":{"rendered":"<p>Anche all\u2019E.R.S.U. di Messina \u00e8 stato dichiarato lo stato di agitazione del personale del comparto non dirigenziale, indetto da tutte le sigle sindacali firmatarie del C.C.R.L., agitazione causata dalla mancanza di copertura finanziaria per la riclassificazione ed il rinnovo contrattuale. Il Direttore Ing. Santi Trovato, prendendo atto dell\u2019adesione di tutto il personale alla protesta, consistente [&hellip;]<\/p>\n","protected":false},"author":15,"featured_media":162615,"comment_status":"open","ping_status":"open","sticky":false,"template":"","format":"standard","meta":{"ub_ctt_via":"","_mi_skip_tracking":false},"categories":[6],"tags":[3918,1180,587,1701],"featured_image_src":"https:\/\/www.messinaoggi.it\/website\/wp-content\/uploads\/2023\/07\/FB_IMG_1689235293833.jpg","author_info":{"display_name":"red.me","author_link":"https:\/\/www.messinaoggi.it\/website\/author\/red-me\/"},"digistream_id":0,"digistream":false,"_links":{"self":[{"href":"https:\/\/www.messinaoggi.it\/website\/wp-json\/wp\/v2\/posts\/162611"}],"collection":[{"href":"https:\/\/www.messinaoggi.it\/website\/wp-json\/wp\/v2\/posts"}],"about":[{"href":"https:\/\/www.messinaoggi.it\/website\/wp-json\/wp\/v2\/types\/post"}],"author":[{"embeddable":true,"href":"https:\/\/www.messinaoggi.it\/website\/wp-json\/wp\/v2\/users\/15"}],"replies":[{"embeddable":true,"href":"https:\/\/www.messinaoggi.it\/website\/wp-json\/wp\/v2\/comments?post=162611"}],"version-history":[{"count":1,"href":"https:\/\/www.messinaoggi.it\/website\/wp-json\/wp\/v2\/posts\/162611\/revisions"}],"predecessor-version":[{"id":162612,"href":"https:\/\/www.messinaoggi.it\/website\/wp-json\/wp\/v2\/posts\/162611\/revisions\/162612"}],"wp:featuredmedia":[{"embeddable":true,"href":"https:\/\/www.messinaoggi.it\/website\/wp-json\/wp\/v2\/media\/162615"}],"wp:attachment":[{"href":"https:\/\/www.messinaoggi.it\/website\/wp-json\/wp\/v2\/media?parent=162611"}],"wp:term":[{"taxonomy":"category","embeddable":true,"href":"https:\/\/www.messinaoggi.it\/website\/wp-json\/wp\/v2\/categories?post=162611"},{"taxonomy":"post_tag","embeddable":true,"href":"https:\/\/www.messinaoggi.it\/website\/wp-json\/wp\/v2\/tags?post=162611"}],"curies":[{"name":"wp","href":"https:\/\/api.w.org\/{rel}","templated":true}]}}