{"id":162493,"date":"2023-07-12T13:11:43","date_gmt":"2023-07-12T11:11:43","guid":{"rendered":"http:\/\/www.messinaoggi.it\/website\/?p=162493"},"modified":"2023-07-12T13:11:53","modified_gmt":"2023-07-12T11:11:53","slug":"strappo-carontetourist-regione-ora-preoccupano-i-tagli-ai-collegamenti","status":"publish","type":"post","link":"https:\/\/www.messinaoggi.it\/website\/2023\/07\/12\/strappo-carontetourist-regione-ora-preoccupano-i-tagli-ai-collegamenti\/","title":{"rendered":"Strappo Caronte&#038;Tourist-Regione, ora preoccupano i tagli ai collegamenti"},"content":{"rendered":"\n<figure class=\"wp-block-table\"><table><tbody><tr><td>Preoccupazione nelle Eolie dopo la comunicazione di Caronte &amp; Tourist isole minori che, a seguito del rigetto dell&#8217;istanza di dissequestro delle navi operato dalla magistratura, ha annunciato la &#8220;risoluzione per impossibilit\u00e0 sopravvenuta dei contratti in essere con la Regione Siciliana relativi alle Isole Eolie, le Egadi e Ustica&#8221;.<br>La riduzione dei collegamenti, perch\u00e9, chiaramente, questo accadr\u00e0, rischia di mettere ulteriormente, in crisi il settore turistico eoliano, cos\u00ec come importanti servizi per la collettivit\u00e0, efficaci grazie ai trasporti in nave, quali i rifornimenti di carburante, delle derrate alimentari e di altri generi di prima necessit\u00e0.<br>Preoccupazioni analoghe a quelle degli operatori economici, vengono espresse dai quattro sindaci al lavoro per scongiurare &#8220;una crisi che metter\u00e0 a rischio non solo il settore turistico ma anche la vita stessa dei cittadini&#8221;. Iniziative, congiunte, sono allo studio anche con gli altri sindaci delle isole minori siciliane.<br>&#8220;Siamo nel caos pi\u00f9 totale &#8211; evidenzia il sindaco di Lipari, Riccardo Gullo. Quelli che hanno contribuito a determinare di fatto una situazione di monopolio, sia per i collegamenti navali che per quelli veloci, qualche domanda se la dovrebbero fare.<br>Tocca alla Regione trovare soluzioni immediate perche&#8217; siamo stanchi di subire disagi su disagi&#8221;.<br>In una nota il presidente Federalberghi Isole Minori Sicilia Christian Del Bono manifesta tutte le proprie preoccupazioni per la decisione di Caronte &amp; Tourist di rescindere i contratti e lancia un appello urgente al presidente Renato Schifani e all&#8217;assessore Alessandro Aric\u00f2 affinch\u00e8 si trovi una soluzione &#8221; a una vicenda che assume contorni sempre pi\u00f9 inquietanti e surreali, senza che i decisori politici e istituzionali riescano a offrire risposte definitive e durature.<\/td><\/tr><\/tbody><\/table><\/figure>\n<div id=\"div-gpt-ad-Messinaoggi.it-DSK-300x250-corpoart\" style=\"text-align:center;margin:0 auto;\"><\/div><\/p><div id=\"videoincontent\" style=\"clear:both\";><\/div>","protected":false},"excerpt":{"rendered":"<p>Preoccupazione nelle Eolie dopo la comunicazione di Caronte &amp; Tourist isole minori che, a seguito del rigetto dell&#8217;istanza di dissequestro delle navi operato dalla magistratura, ha annunciato la &#8220;risoluzione per impossibilit\u00e0 sopravvenuta dei contratti in essere con la Regione Siciliana relativi alle Isole Eolie, le Egadi e Ustica&#8221;.La riduzione dei collegamenti, perch\u00e9, chiaramente, questo accadr\u00e0, [&hellip;]<\/p>\n","protected":false},"author":4,"featured_media":28458,"comment_status":"open","ping_status":"open","sticky":false,"template":"","format":"standard","meta":{"ub_ctt_via":"","_mi_skip_tracking":false},"categories":[6],"tags":[8315,836,8316],"featured_image_src":"https:\/\/www.messinaoggi.it\/website\/wp-content\/uploads\/2019\/01\/Lipari-cartello-di-benvenuto.jpg","author_info":{"display_name":"redme","author_link":"https:\/\/www.messinaoggi.it\/website\/author\/redme\/"},"digistream_id":0,"digistream":false,"_links":{"self":[{"href":"https:\/\/www.messinaoggi.it\/website\/wp-json\/wp\/v2\/posts\/162493"}],"collection":[{"href":"https:\/\/www.messinaoggi.it\/website\/wp-json\/wp\/v2\/posts"}],"about":[{"href":"https:\/\/www.messinaoggi.it\/website\/wp-json\/wp\/v2\/types\/post"}],"author":[{"embeddable":true,"href":"https:\/\/www.messinaoggi.it\/website\/wp-json\/wp\/v2\/users\/4"}],"replies":[{"embeddable":true,"href":"https:\/\/www.messinaoggi.it\/website\/wp-json\/wp\/v2\/comments?post=162493"}],"version-history":[{"count":1,"href":"https:\/\/www.messinaoggi.it\/website\/wp-json\/wp\/v2\/posts\/162493\/revisions"}],"predecessor-version":[{"id":162494,"href":"https:\/\/www.messinaoggi.it\/website\/wp-json\/wp\/v2\/posts\/162493\/revisions\/162494"}],"wp:featuredmedia":[{"embeddable":true,"href":"https:\/\/www.messinaoggi.it\/website\/wp-json\/wp\/v2\/media\/28458"}],"wp:attachment":[{"href":"https:\/\/www.messinaoggi.it\/website\/wp-json\/wp\/v2\/media?parent=162493"}],"wp:term":[{"taxonomy":"category","embeddable":true,"href":"https:\/\/www.messinaoggi.it\/website\/wp-json\/wp\/v2\/categories?post=162493"},{"taxonomy":"post_tag","embeddable":true,"href":"https:\/\/www.messinaoggi.it\/website\/wp-json\/wp\/v2\/tags?post=162493"}],"curies":[{"name":"wp","href":"https:\/\/api.w.org\/{rel}","templated":true}]}}