{"id":16238,"date":"2018-02-28T11:48:48","date_gmt":"2018-02-28T10:48:48","guid":{"rendered":"http:\/\/www.messinaoggi.it\/website\/?p=16238"},"modified":"2018-02-28T11:48:48","modified_gmt":"2018-02-28T10:48:48","slug":"nasce-la-pro-loco-di-taormina-vogliamo-essere-volano-del-territorio","status":"publish","type":"post","link":"https:\/\/www.messinaoggi.it\/website\/2018\/02\/28\/nasce-la-pro-loco-di-taormina-vogliamo-essere-volano-del-territorio\/","title":{"rendered":"Nasce la Pro Loco di Taormina: &quot;Vogliamo essere vol\u00e0no del territorio&quot;"},"content":{"rendered":"<p>Nata la nuova Pro Loco di Taormina. Si tratta di un sodalizio che vuole incidere sul futuro del comprensorio turistico. La Pro Loco Taormina si appresta a dare il proprio apporto di idee al territorio. \u00c8 gi\u00e0 all&#8217;opera Gaetano Caliri, il neo indicato presidente di quello che pu\u00f2 diventare un punto di riferimento in una citt\u00e0 che fa dell&#8217;industria dell&#8217;accoglienza il volano della propria economia.<br \/>\n&#8220;Ci vogliamo impegnare &#8211; sostiene Caliri &#8211; a realizzare, immediatamente, un programma concreto per promuovere Taormina. Ma vogliamo essere la voce del territorio affinch\u00e9 si realizzino iniziative tangibili per superare le difficolt\u00e0 che rappresentano spesso nodi difficili da sciogliere.<br \/>\nCercheremo di sensibilizzare, nelle opportune sedi, gli organi del Governo regionale a superare il problema della gestione dei siti storici, come ad esempio il teatro antico, che deve passare, come accade a livello nazionale, agli Enti locali, in modo tale da lasciare le risorse sul territorio. A tal proposito stiamo pensando di avviare una petizione. Abbiamo chiesto una sede al Comune di Taormina dove poter realizzare un punto di informazione utilizzando anche il servizio civile.<br \/>\nNel settore turistico &#8211; prosegue Caliri &#8211; troppo spesso \u00e8 mancato un centro capace di interpretare le istanze che arrivavano dal territorio. Con grande serenit\u00e0 e nella speranza di fare bene, cercheremo di svolgere questo ruolo delicatissimo, forti della conoscenza di quello che \u00e8 necessario per la nostra comunit\u00e0. Certo, ribadisco, il compito \u00e8 difficile ma sicuramente stiamo partendo con entusiasmo&#8221;.<br \/>\nGrande soddisfazione per l&#8217;avvio della Pro Loco Taormina \u00e8 stata espressa anche dal presidente onorario, Carlo Turchetti. &#8220;La mia esperienza &#8211; ha detto Turchetti &#8211; \u00e8 al servizio di questo gruppo che tanta voglia di spendersi per far conoscere le bellezze del nostro territorio&#8221;.<br \/>\nMolto folta \u00e8 la schiera dei fondatori di cui fanno parte, tra gli altri: Filippo Grasso, Sergio Spadoni, Antonio Raneri, , Salvatore Mannino, Gianluca La Limina, Tonino Turiano, Angelo Savoca, Giuseppe Spart\u00e0, Salvatore Zappal\u00e0 e Andrea Sgr\u00f2.<br \/>\nLa Pro Loco Taormina come associazioni locale punta a promozione e sviluppo di un&#8217;area che vuole ulteriormente crescere e accrescere le sue innate peculiarit\u00e0.<div id=\"div-gpt-ad-Messinaoggi.it-DSK-300x250-corpoart\" style=\"text-align:center;margin:0 auto;\"><\/div><\/p>\n<div id=\"videoincontent\" style=\"clear:both\";><\/div>","protected":false},"excerpt":{"rendered":"<p>Nata la nuova Pro Loco di Taormina. Si tratta di un sodalizio che vuole incidere sul futuro del comprensorio turistico. La Pro Loco Taormina si appresta a dare il proprio apporto di idee al territorio. \u00c8 gi\u00e0 all&#8217;opera Gaetano Caliri, il neo indicato presidente di quello che pu\u00f2 diventare un punto di riferimento in una [&hellip;]<\/p>\n","protected":false},"author":2,"featured_media":16239,"comment_status":"closed","ping_status":"open","sticky":false,"template":"","format":"standard","meta":{"ub_ctt_via":"","_mi_skip_tracking":false},"categories":[3],"tags":[],"featured_image_src":"https:\/\/www.messinaoggi.it\/website\/wp-content\/uploads\/2018\/02\/IMG-20180228-WA0007-1.jpg","author_info":{"display_name":"Redazione","author_link":"https:\/\/www.messinaoggi.it\/website\/author\/redazione\/"},"digistream_id":0,"digistream":false,"_links":{"self":[{"href":"https:\/\/www.messinaoggi.it\/website\/wp-json\/wp\/v2\/posts\/16238"}],"collection":[{"href":"https:\/\/www.messinaoggi.it\/website\/wp-json\/wp\/v2\/posts"}],"about":[{"href":"https:\/\/www.messinaoggi.it\/website\/wp-json\/wp\/v2\/types\/post"}],"author":[{"embeddable":true,"href":"https:\/\/www.messinaoggi.it\/website\/wp-json\/wp\/v2\/users\/2"}],"replies":[{"embeddable":true,"href":"https:\/\/www.messinaoggi.it\/website\/wp-json\/wp\/v2\/comments?post=16238"}],"version-history":[{"count":0,"href":"https:\/\/www.messinaoggi.it\/website\/wp-json\/wp\/v2\/posts\/16238\/revisions"}],"wp:featuredmedia":[{"embeddable":true,"href":"https:\/\/www.messinaoggi.it\/website\/wp-json\/wp\/v2\/media\/16239"}],"wp:attachment":[{"href":"https:\/\/www.messinaoggi.it\/website\/wp-json\/wp\/v2\/media?parent=16238"}],"wp:term":[{"taxonomy":"category","embeddable":true,"href":"https:\/\/www.messinaoggi.it\/website\/wp-json\/wp\/v2\/categories?post=16238"},{"taxonomy":"post_tag","embeddable":true,"href":"https:\/\/www.messinaoggi.it\/website\/wp-json\/wp\/v2\/tags?post=16238"}],"curies":[{"name":"wp","href":"https:\/\/api.w.org\/{rel}","templated":true}]}}