{"id":162360,"date":"2023-07-11T10:19:06","date_gmt":"2023-07-11T08:19:06","guid":{"rendered":"http:\/\/www.messinaoggi.it\/website\/?p=162360"},"modified":"2023-07-11T10:19:08","modified_gmt":"2023-07-11T08:19:08","slug":"oggi-il-primo-info-point-di-no-ponte-capo-peloro","status":"publish","type":"post","link":"https:\/\/www.messinaoggi.it\/website\/2023\/07\/11\/oggi-il-primo-info-point-di-no-ponte-capo-peloro\/","title":{"rendered":"Oggi il primo info point di No Ponte Capo Peloro"},"content":{"rendered":"\n<p>Un info point \u00a0a cui rivolgersi per documenti \u00a0e notizie sulle ragioni del no &#8220;al devastante progetto del ponte sullo Stretto di Messina&#8221;, dove visionare una mostra Noponte itinerante, poter sottoscrivere le petizioni contro il ponte, sapere se la propria casa, terreno, attivit\u00e0 economica \u00e8 in zona d&#8217;esproprio o servit\u00f9, \u00a0contribuire all&#8217;attivit\u00e0 del comitato. <div id=\"div-gpt-ad-Messinaoggi.it-DSK-300x250-corpoart\" style=\"text-align:center;margin:0 auto;\"><\/div><\/p>\n\n\n\n<p>Tutto questo ed altro \u00e8 ci\u00f2 che verr\u00e0 allestito ed offerto \u00a0Marted\u00ec 11 luglio alle ore 18.00 a piazza dell&#8217;Angelo a Torrefaro dal comitato Noponte Capo Peloro.<div id=\"videoincontent\" style=\"clear:both\";><\/div><\/p>\n\n\n\n<p><br>&#8220;Sar\u00e0 il primo di una serie di info point e di iniziative che renderanno pi\u00f9 &#8220;calda&#8221; l&#8217;estate e la prossima stagione autunnale per opporsi alla realizzazione dell&#8217;inutile, dannoso , costoso e irrealizzabile ponte sullo stretto&#8221; spiegano dal Comitato.<\/p>\n","protected":false},"excerpt":{"rendered":"<p>Un info point \u00a0a cui rivolgersi per documenti \u00a0e notizie sulle ragioni del no &#8220;al devastante progetto del ponte sullo Stretto di Messina&#8221;, dove visionare una mostra Noponte itinerante, poter sottoscrivere le petizioni contro il ponte, sapere se la propria casa, terreno, attivit\u00e0 economica \u00e8 in zona d&#8217;esproprio o servit\u00f9, \u00a0contribuire all&#8217;attivit\u00e0 del comitato. Tutto [&hellip;]<\/p>\n","protected":false},"author":15,"featured_media":158812,"comment_status":"open","ping_status":"open","sticky":false,"template":"","format":"standard","meta":{"ub_ctt_via":"","_mi_skip_tracking":false},"categories":[7567],"tags":[8307,6836,7208],"featured_image_src":"https:\/\/www.messinaoggi.it\/website\/wp-content\/uploads\/2023\/06\/353394407_10226598966512111_5410603216354819254_n-640x853-1.jpg","author_info":{"display_name":"red.me","author_link":"https:\/\/www.messinaoggi.it\/website\/author\/red-me\/"},"digistream_id":0,"digistream":false,"_links":{"self":[{"href":"https:\/\/www.messinaoggi.it\/website\/wp-json\/wp\/v2\/posts\/162360"}],"collection":[{"href":"https:\/\/www.messinaoggi.it\/website\/wp-json\/wp\/v2\/posts"}],"about":[{"href":"https:\/\/www.messinaoggi.it\/website\/wp-json\/wp\/v2\/types\/post"}],"author":[{"embeddable":true,"href":"https:\/\/www.messinaoggi.it\/website\/wp-json\/wp\/v2\/users\/15"}],"replies":[{"embeddable":true,"href":"https:\/\/www.messinaoggi.it\/website\/wp-json\/wp\/v2\/comments?post=162360"}],"version-history":[{"count":1,"href":"https:\/\/www.messinaoggi.it\/website\/wp-json\/wp\/v2\/posts\/162360\/revisions"}],"predecessor-version":[{"id":162361,"href":"https:\/\/www.messinaoggi.it\/website\/wp-json\/wp\/v2\/posts\/162360\/revisions\/162361"}],"wp:featuredmedia":[{"embeddable":true,"href":"https:\/\/www.messinaoggi.it\/website\/wp-json\/wp\/v2\/media\/158812"}],"wp:attachment":[{"href":"https:\/\/www.messinaoggi.it\/website\/wp-json\/wp\/v2\/media?parent=162360"}],"wp:term":[{"taxonomy":"category","embeddable":true,"href":"https:\/\/www.messinaoggi.it\/website\/wp-json\/wp\/v2\/categories?post=162360"},{"taxonomy":"post_tag","embeddable":true,"href":"https:\/\/www.messinaoggi.it\/website\/wp-json\/wp\/v2\/tags?post=162360"}],"curies":[{"name":"wp","href":"https:\/\/api.w.org\/{rel}","templated":true}]}}