{"id":162311,"date":"2023-07-11T00:07:55","date_gmt":"2023-07-10T22:07:55","guid":{"rendered":"https:\/\/www.messinaoggi.it\/website\/2023\/07\/10\/renzi-sulla-giustizia-serve-una-riforma-vera\/"},"modified":"2023-07-11T07:41:42","modified_gmt":"2023-07-11T05:41:42","slug":"renzi-sulla-giustizia-serve-una-riforma-vera","status":"publish","type":"post","link":"https:\/\/www.messinaoggi.it\/website\/2023\/07\/11\/renzi-sulla-giustizia-serve-una-riforma-vera\/","title":{"rendered":"Renzi \u201cSulla giustizia serve una riforma vera\u201d"},"content":{"rendered":"<div>ROMA (ITALPRESS) &#8211; &#8220;A proposito di riforma della giustizia, ha ragione Paolo Mieli questa mattina sul Corriere della Sera. Anzich\u00e8 inseguire i fantasmi dell&#8217;ennesima contrapposizione ideologica, esasperata nel dibattito anche di questa ultima settimana, sarebbe utile recuperare lucidit\u00e0 e fare una riforma vera, che serve a tutti&#8221;. Lo afferma il leader di Italia Viva Matteo Renzi nella sua e-News.<br \/>&#8220;Aggiungo: ho accolto una bella idea di Enrico Costa e grazie alla disponibilit\u00e0 di Ivan Scalfarotto e Lella Paita abbiamo deciso che nelle discussioni sulla riforma Nordio io mi trasferir\u00f2 in Commissione Giustizia lasciando la mia commissione a Ivan &#8211; aggiunge -. Dunque seguir\u00f2 personalmente dalla Commissione il DDL Nordio e con Enrico Costa abbiamo deciso che lavoreremo gomito a gomito presentando emendamenti insieme e giocando di sponda, lui alla Camera, io al Senato. Mi sembra un buon modo per provare ad affermare le idee su cui abbiamo lavorato al Governo insieme e su cui abbiamo fatto campagna elettorale insieme: ci proveremo!&#8221;.<div id=\"div-gpt-ad-Messinaoggi.it-DSK-300x250-corpoart\" style=\"text-align:center;margin:0 auto;\"><\/div><\/p>\n<p>&#8211; foto: Agenzia Fotogramma &#8211;<div id=\"videoincontent\" style=\"clear:both\";><\/div><\/p>\n<p>(ITALPRESS).<\/p><\/div>\n","protected":false},"excerpt":{"rendered":"<p>ROMA (ITALPRESS) &#8211; &#8220;A proposito di riforma della giustizia, ha ragione Paolo Mieli questa mattina sul Corriere della Sera. Anzich\u00e8 inseguire i fantasmi dell&#8217;ennesima contrapposizione ideologica, esasperata nel dibattito anche di questa ultima settimana, sarebbe utile recuperare lucidit\u00e0 e fare una riforma vera, che serve a tutti&#8221;. Lo afferma il leader di Italia Viva Matteo [&hellip;]<\/p>\n","protected":false},"author":18,"featured_media":162312,"comment_status":"closed","ping_status":"closed","sticky":false,"template":"","format":"standard","meta":{"ub_ctt_via":"","_mi_skip_tracking":false},"categories":[446,6],"tags":[783],"featured_image_src":"https:\/\/www.messinaoggi.it\/website\/wp-content\/uploads\/2023\/07\/20230710_1825.jpg","author_info":{"display_name":"Admin","author_link":"https:\/\/www.messinaoggi.it\/website\/author\/admin\/"},"digistream_id":0,"digistream":false,"_links":{"self":[{"href":"https:\/\/www.messinaoggi.it\/website\/wp-json\/wp\/v2\/posts\/162311"}],"collection":[{"href":"https:\/\/www.messinaoggi.it\/website\/wp-json\/wp\/v2\/posts"}],"about":[{"href":"https:\/\/www.messinaoggi.it\/website\/wp-json\/wp\/v2\/types\/post"}],"author":[{"embeddable":true,"href":"https:\/\/www.messinaoggi.it\/website\/wp-json\/wp\/v2\/users\/18"}],"replies":[{"embeddable":true,"href":"https:\/\/www.messinaoggi.it\/website\/wp-json\/wp\/v2\/comments?post=162311"}],"version-history":[{"count":1,"href":"https:\/\/www.messinaoggi.it\/website\/wp-json\/wp\/v2\/posts\/162311\/revisions"}],"predecessor-version":[{"id":162339,"href":"https:\/\/www.messinaoggi.it\/website\/wp-json\/wp\/v2\/posts\/162311\/revisions\/162339"}],"wp:featuredmedia":[{"embeddable":true,"href":"https:\/\/www.messinaoggi.it\/website\/wp-json\/wp\/v2\/media\/162312"}],"wp:attachment":[{"href":"https:\/\/www.messinaoggi.it\/website\/wp-json\/wp\/v2\/media?parent=162311"}],"wp:term":[{"taxonomy":"category","embeddable":true,"href":"https:\/\/www.messinaoggi.it\/website\/wp-json\/wp\/v2\/categories?post=162311"},{"taxonomy":"post_tag","embeddable":true,"href":"https:\/\/www.messinaoggi.it\/website\/wp-json\/wp\/v2\/tags?post=162311"}],"curies":[{"name":"wp","href":"https:\/\/api.w.org\/{rel}","templated":true}]}}