{"id":162140,"date":"2023-07-08T17:07:53","date_gmt":"2023-07-08T15:07:53","guid":{"rendered":"https:\/\/www.messinaoggi.it\/website\/2023\/07\/08\/covid-conte-governo-ha-paura-di-estendere-linchiesta-alle-regioni\/"},"modified":"2023-07-08T17:37:34","modified_gmt":"2023-07-08T15:37:34","slug":"covid-conte-governo-ha-paura-di-estendere-linchiesta-alle-regioni","status":"publish","type":"post","link":"https:\/\/www.messinaoggi.it\/website\/2023\/07\/08\/covid-conte-governo-ha-paura-di-estendere-linchiesta-alle-regioni\/","title":{"rendered":"Covid, Conte \u201cGoverno ha paura di estendere l\u2019inchiesta alle Regioni\u201d"},"content":{"rendered":"<div>ROMA (ITALPRESS) &#8211; &#8220;In questi giorni i Fratelli d&#8217;Italia e i loro sodali anche renziani, per lavarsi la coscienza, stanno martellando i social e gli organi di stampa con una filastrocca ripetuta a memoria: Conte ha paura della Commissione parlamentare d&#8217;inchiesta sul Covid. In realt\u00e0, se c&#8217;\u00e8 qualcuno che ha paura di una Commissione che conduca un&#8217;indagine seria e approfondita sul Covid sono loro. S\u00ec, proprio loro&#8221;. Cos\u00ec in un post su Facebook il leader del M5S Giuseppe Conte.<br \/>&#8220;E lo sapete di cosa hanno paura? Di una Commissione Covid che si occupi anche di come le Regioni &#8211; quasi tutte in mano al centrodestra &#8211; hanno gestito la pandemia e la sanit\u00e0 territoriale, dagli ambulatori, agli ospedali, alle RSA &#8211; aggiunge -. Sapete di cos&#8217;altro hanno paura? Di una Commissione che indaghi sulle cause che hanno portato allo sfascio della sanit\u00e0 pubblica, con il risultato che in quel drammatico 2020 ci siamo ritrovati in ginocchio dopo anni di tagli e mancati investimenti &#8211; da parte dei Governi precedenti &#8211; su ospedali, posti-letto, terapie intensive, personale sanitario. La prova di questa loro paura? Nel fatto che hanno approvato un perimetro di indagine che tiene rigorosamente fuori la gestione pandemica regionale e tutte le cause delle carenze del servizio sanitario nazionale accumulate negli anni&#8221;.<br \/>&#8220;La prova che noi non abbiamo nessuna paura? Nel fatto che abbiamo subito chiarito alle forze di maggioranza e ai renziani: inseriamo nel perimetro di indagine della Commissione anche le filiere di comando regionali e territoriali, specifichiamo che l&#8217;indagine possa estendersi anche alle reali cause che hanno portato a questo sfascio sanitario e anche noi, del M5S, voteremo la legge istitutiva di questa Commissione &#8211; sottolinea l&#8217;ex premier -. Io ho conosciuto la paura. Quando ci siamo scoperti indifesi, fragili, con un sistema sanitario a pezzi, con un virus sconosciuto, senza mascherine e respiratori, con decessi che crescevano giorno dopo giorno secondo una curva che pareva inarrestabile, io ho provato, forse per la prima volta nella mia vita, cos&#8217;\u00e8 la paura. Ma l&#8217;ho subito ricacciata via perch\u00e8 sapevo che non potevo permettermi di avere paura. Avevo la responsabilit\u00e0 di difendere la mia Patria, in cui ero cresciuto e di cui ero diventato la massima autorit\u00e0 di governo. In quei giorni, guardandomi dentro, ho compreso il significato pi\u00f9 profondo del pensiero di Georges Bernanos: \u00e8 &#8220;la paura della paura che modella il viso dell&#8217;uomo coraggioso&#8221;. Non ho mai affermato di essere infallibile. Ma so di aver dato tutto, col massimo impegno, con la massima responsabilit\u00e0. Questo s\u00ec&#8221;.<div id=\"div-gpt-ad-Messinaoggi.it-DSK-300x250-corpoart\" style=\"text-align:center;margin:0 auto;\"><\/div><\/p>\n<p>&#8211; foto: Agenzia Fotogramma &#8211;<div id=\"videoincontent\" style=\"clear:both\";><\/div><\/p>\n<p>(ITALPRESS).<\/p><\/div>\n","protected":false},"excerpt":{"rendered":"<p>ROMA (ITALPRESS) &#8211; &#8220;In questi giorni i Fratelli d&#8217;Italia e i loro sodali anche renziani, per lavarsi la coscienza, stanno martellando i social e gli organi di stampa con una filastrocca ripetuta a memoria: Conte ha paura della Commissione parlamentare d&#8217;inchiesta sul Covid. In realt\u00e0, se c&#8217;\u00e8 qualcuno che ha paura di una Commissione che [&hellip;]<\/p>\n","protected":false},"author":18,"featured_media":162141,"comment_status":"closed","ping_status":"closed","sticky":false,"template":"","format":"standard","meta":{"ub_ctt_via":"","_mi_skip_tracking":false},"categories":[221,446],"tags":[783],"featured_image_src":"https:\/\/www.messinaoggi.it\/website\/wp-content\/uploads\/2023\/07\/20230708_1181.jpg","author_info":{"display_name":"Admin","author_link":"https:\/\/www.messinaoggi.it\/website\/author\/admin\/"},"digistream_id":0,"digistream":false,"_links":{"self":[{"href":"https:\/\/www.messinaoggi.it\/website\/wp-json\/wp\/v2\/posts\/162140"}],"collection":[{"href":"https:\/\/www.messinaoggi.it\/website\/wp-json\/wp\/v2\/posts"}],"about":[{"href":"https:\/\/www.messinaoggi.it\/website\/wp-json\/wp\/v2\/types\/post"}],"author":[{"embeddable":true,"href":"https:\/\/www.messinaoggi.it\/website\/wp-json\/wp\/v2\/users\/18"}],"replies":[{"embeddable":true,"href":"https:\/\/www.messinaoggi.it\/website\/wp-json\/wp\/v2\/comments?post=162140"}],"version-history":[{"count":1,"href":"https:\/\/www.messinaoggi.it\/website\/wp-json\/wp\/v2\/posts\/162140\/revisions"}],"predecessor-version":[{"id":162144,"href":"https:\/\/www.messinaoggi.it\/website\/wp-json\/wp\/v2\/posts\/162140\/revisions\/162144"}],"wp:featuredmedia":[{"embeddable":true,"href":"https:\/\/www.messinaoggi.it\/website\/wp-json\/wp\/v2\/media\/162141"}],"wp:attachment":[{"href":"https:\/\/www.messinaoggi.it\/website\/wp-json\/wp\/v2\/media?parent=162140"}],"wp:term":[{"taxonomy":"category","embeddable":true,"href":"https:\/\/www.messinaoggi.it\/website\/wp-json\/wp\/v2\/categories?post=162140"},{"taxonomy":"post_tag","embeddable":true,"href":"https:\/\/www.messinaoggi.it\/website\/wp-json\/wp\/v2\/tags?post=162140"}],"curies":[{"name":"wp","href":"https:\/\/api.w.org\/{rel}","templated":true}]}}