{"id":162139,"date":"2023-07-08T17:11:40","date_gmt":"2023-07-08T15:11:40","guid":{"rendered":"http:\/\/www.messinaoggi.it\/website\/?p=162139"},"modified":"2023-07-08T17:11:52","modified_gmt":"2023-07-08T15:11:52","slug":"la-via-crucis-del-viadotto-ritiro-uiltrasporti-il-cas-intervenga-subito","status":"publish","type":"post","link":"https:\/\/www.messinaoggi.it\/website\/2023\/07\/08\/la-via-crucis-del-viadotto-ritiro-uiltrasporti-il-cas-intervenga-subito\/","title":{"rendered":"La Via Crucis del viadotto Ritiro.  Uiltrasporti: &#8220;Il Cas intervenga subito&#8221;"},"content":{"rendered":"\n<p>Apprendiamo dalla stampa che mancherebbero sei mesi al completamento degli interminabili lavori che riguardano il viadotto Ritiro, ovviamente ci auguriamo che non sia solo l\u2019ennesimo annuncio &#8211; dichiara Michele Barresi segretario generale Uiltrasporti Messina &#8211; e che non si aggiungano altri mesi di ritardo agli anni in cui gi\u00e0 cittadini e utenti messinesi e della provincia stanno patendo disagi incalcolabili . A tal fine evidenziamo che l\u2019attuale situazione nella tangenziale, in direzione Palermo, ha assunto in questi giorni aspetti di evidente criticit\u00e0 con rischi per la sicurezza e l\u2019impossibilit\u00e0 di fruizione per i mezzi di soccorso. La corsia unica in entrambi i sensi e l\u2019attuale circolazione a valle del bypass baglio, i due innesti dallo svincolo di Boccetta ed in particolare dallo svincolo di Giostra sulla 20 in direzione Palermo, dirigendo i flussi su corsia unica, provocano rallentamenti e file chilometriche che intasano tutta la tangenziale della citt\u00e0 di Messina fin da Gazzi. Nelle ore di punta la percorrenza fino alla barriera di Villafranca supera i 60 minuti. \u00c8 solo un primo assaggio d\u2019estate &#8211; continua la Uiltrasporti &#8211; e la situazione temiamo non cambier\u00e0 neppure con le prossime modifiche relative all\u2019apertura del by pass per l\u2019uscita allo svincolo Boccetta. Si dovrebbe evitare anche che i mezzi dei \u201cfurbetti\u201d possano imboccare l\u2019uscita di Giostra per poi rientrare sull\u2019A20 al solo fine di evitare parte della lunga fila &#8211; continua la Uiltrasporti. Questa prassi aumenta rallentamenti e disagi. Ritardi e attese di diverse ore per i cittadini che si muovono verso le localit\u00e0 di Rometta, Villafranca e Saponara che nel periodo estivo sono maggiormente popolate. Non si possono tenere per ore ostaggio della calura estiva gli utenti conclude Barresi &#8211; che lancia l\u2019allarme a sua Eccellenza Il Prefetto circa la sicurezza e l\u2019agibilit\u00e0 di questo tratto autostradale che inevitabilmente diventer\u00e0 una polveriera pericolosissima frutto di una viabilit\u00e0 evidentemente sottovalutata dal consorzio autostrade a cui si chiedono rimedi urgenti&#8221;.<div id=\"div-gpt-ad-Messinaoggi.it-DSK-300x250-corpoart\" style=\"text-align:center;margin:0 auto;\"><\/div><\/p>\n<div id=\"videoincontent\" style=\"clear:both\";><\/div>","protected":false},"excerpt":{"rendered":"<p>Apprendiamo dalla stampa che mancherebbero sei mesi al completamento degli interminabili lavori che riguardano il viadotto Ritiro, ovviamente ci auguriamo che non sia solo l\u2019ennesimo annuncio &#8211; dichiara Michele Barresi segretario generale Uiltrasporti Messina &#8211; e che non si aggiungano altri mesi di ritardo agli anni in cui gi\u00e0 cittadini e utenti messinesi e della [&hellip;]<\/p>\n","protected":false},"author":4,"featured_media":162142,"comment_status":"open","ping_status":"open","sticky":false,"template":"","format":"standard","meta":{"ub_ctt_via":"","_mi_skip_tracking":false},"categories":[6],"tags":[580,249,1023,871,3757],"featured_image_src":"https:\/\/www.messinaoggi.it\/website\/wp-content\/uploads\/2023\/07\/IMG-20230708-WA0028.jpg","author_info":{"display_name":"redme","author_link":"https:\/\/www.messinaoggi.it\/website\/author\/redme\/"},"digistream_id":0,"digistream":false,"_links":{"self":[{"href":"https:\/\/www.messinaoggi.it\/website\/wp-json\/wp\/v2\/posts\/162139"}],"collection":[{"href":"https:\/\/www.messinaoggi.it\/website\/wp-json\/wp\/v2\/posts"}],"about":[{"href":"https:\/\/www.messinaoggi.it\/website\/wp-json\/wp\/v2\/types\/post"}],"author":[{"embeddable":true,"href":"https:\/\/www.messinaoggi.it\/website\/wp-json\/wp\/v2\/users\/4"}],"replies":[{"embeddable":true,"href":"https:\/\/www.messinaoggi.it\/website\/wp-json\/wp\/v2\/comments?post=162139"}],"version-history":[{"count":1,"href":"https:\/\/www.messinaoggi.it\/website\/wp-json\/wp\/v2\/posts\/162139\/revisions"}],"predecessor-version":[{"id":162143,"href":"https:\/\/www.messinaoggi.it\/website\/wp-json\/wp\/v2\/posts\/162139\/revisions\/162143"}],"wp:featuredmedia":[{"embeddable":true,"href":"https:\/\/www.messinaoggi.it\/website\/wp-json\/wp\/v2\/media\/162142"}],"wp:attachment":[{"href":"https:\/\/www.messinaoggi.it\/website\/wp-json\/wp\/v2\/media?parent=162139"}],"wp:term":[{"taxonomy":"category","embeddable":true,"href":"https:\/\/www.messinaoggi.it\/website\/wp-json\/wp\/v2\/categories?post=162139"},{"taxonomy":"post_tag","embeddable":true,"href":"https:\/\/www.messinaoggi.it\/website\/wp-json\/wp\/v2\/tags?post=162139"}],"curies":[{"name":"wp","href":"https:\/\/api.w.org\/{rel}","templated":true}]}}