{"id":162098,"date":"2023-07-08T09:08:05","date_gmt":"2023-07-08T07:08:05","guid":{"rendered":"https:\/\/www.messinaoggi.it\/website\/2023\/07\/08\/speranza-la-commissione-covid-e-un-tribunale-politico\/"},"modified":"2023-07-08T13:23:02","modified_gmt":"2023-07-08T11:23:02","slug":"speranza-la-commissione-covid-e-un-tribunale-politico","status":"publish","type":"post","link":"https:\/\/www.messinaoggi.it\/website\/2023\/07\/08\/speranza-la-commissione-covid-e-un-tribunale-politico\/","title":{"rendered":"Speranza \u201cLa commissione Covid \u00e8 un tribunale politico\u201d"},"content":{"rendered":"<div>ROMA (ITALPRESS) &#8211; &#8220;Noi volevamo una commissione seria che si desse il compito di analizzare quanto avvenuto a 360 gradi con l&#8217;obiettivo di essere pi\u00f9 pronti ad affrontare un&#8217;emergenza del genere in futuro. Per esempio rafforzando il servizio sanitario nazionale, come io ho tentato di fare portando la spesa per la sanit\u00e0 oltre il 7% del pil. Questo governo appena arrivato l&#8217;ha riportata sotto quella soglia\u00bb. Cos\u00ec Roberto Speranza, ministro della Sanit\u00e0 lungo tutto il periodo pandemico, sia nel governo Conte II, sia nel governo Draghi, in una intervista al Corriere della Sera sulla commissione Covid. <br \/>&#8220;Quella votata \u00e8 un tribunale politico con fini strumentali: una clava per colpire gli avversari. E lo dimostrano due elementi concreti. Mentre noi avremmo voluto che affrontasse ogni aspetto della gestione dell&#8217;emergenza, la maggioranza ha scelto di escludere dal perimetro dell&#8217;iniziativa della commissione le Regioni che hanno funzioni costituzionali primarie e fondamentali sulla sanit\u00e0. Abbiamo chiesto la ragione e la risposta \u00e8 stata un imbarazzato silenzio\u00bb.<br \/>&#8220;Questa commissione &#8211; continua Speranza &#8211; si \u00e8 data il compito addirittura di verificare le procedure di Ema per l&#8217;approvazione dei vaccini. Vaccini che sono stati somministrati in oltre 13 miliardi di dosi nel mondo. Cio\u00e8 si occuperanno di Conte, di Speranza, dell&#8217;Ema e poi di quello che \u00e8 successo in Cina, ma non di ci\u00f2 che \u00e8 stato fatto a Milano, Roma o Palermo&#8230; Devo aggiungere altro?. Sar\u00e0 singolare vedere parlamentari vagliare il lavoro di autorevoli scienziati a livello europeo sui vaccini. Chiaro che si vuole ancora accarezzare il pelo ai no vax. La scelta \u00e8 politica. E miserabile\u00bb. &#8220;Con le Regioni abbiamo lavorato fianco a fianco. E credo che dell&#8217;esperienza italiana, in un contesto difficilissimo, dobbiamo essere orgogliosi: il Paese ha retto. I risultati sono patrimonio non di un governo, ma dell&#8217;Italia tutta. Se per\u00f2 fai una commissione sul Covid ed escludi le Regioni, dimostri palesemente che il tuo unico obiettivo \u00e8 colpire i tuoi avversari politici\u00bb.<div id=\"div-gpt-ad-Messinaoggi.it-DSK-300x250-corpoart\" style=\"text-align:center;margin:0 auto;\"><\/div><\/p>\n<p>&#8211; foto: Agenzia Fotogramma &#8211; <div id=\"videoincontent\" style=\"clear:both\";><\/div><\/p>\n<p>(ITALPRESS).<\/p><\/div>\n","protected":false},"excerpt":{"rendered":"<p>ROMA (ITALPRESS) &#8211; &#8220;Noi volevamo una commissione seria che si desse il compito di analizzare quanto avvenuto a 360 gradi con l&#8217;obiettivo di essere pi\u00f9 pronti ad affrontare un&#8217;emergenza del genere in futuro. Per esempio rafforzando il servizio sanitario nazionale, come io ho tentato di fare portando la spesa per la sanit\u00e0 oltre il 7% [&hellip;]<\/p>\n","protected":false},"author":18,"featured_media":162099,"comment_status":"closed","ping_status":"closed","sticky":false,"template":"","format":"standard","meta":{"ub_ctt_via":"","_mi_skip_tracking":false},"categories":[221,446],"tags":[783],"featured_image_src":"https:\/\/www.messinaoggi.it\/website\/wp-content\/uploads\/2023\/07\/20230708_0054.jpg","author_info":{"display_name":"Admin","author_link":"https:\/\/www.messinaoggi.it\/website\/author\/admin\/"},"digistream_id":0,"digistream":false,"_links":{"self":[{"href":"https:\/\/www.messinaoggi.it\/website\/wp-json\/wp\/v2\/posts\/162098"}],"collection":[{"href":"https:\/\/www.messinaoggi.it\/website\/wp-json\/wp\/v2\/posts"}],"about":[{"href":"https:\/\/www.messinaoggi.it\/website\/wp-json\/wp\/v2\/types\/post"}],"author":[{"embeddable":true,"href":"https:\/\/www.messinaoggi.it\/website\/wp-json\/wp\/v2\/users\/18"}],"replies":[{"embeddable":true,"href":"https:\/\/www.messinaoggi.it\/website\/wp-json\/wp\/v2\/comments?post=162098"}],"version-history":[{"count":1,"href":"https:\/\/www.messinaoggi.it\/website\/wp-json\/wp\/v2\/posts\/162098\/revisions"}],"predecessor-version":[{"id":162117,"href":"https:\/\/www.messinaoggi.it\/website\/wp-json\/wp\/v2\/posts\/162098\/revisions\/162117"}],"wp:featuredmedia":[{"embeddable":true,"href":"https:\/\/www.messinaoggi.it\/website\/wp-json\/wp\/v2\/media\/162099"}],"wp:attachment":[{"href":"https:\/\/www.messinaoggi.it\/website\/wp-json\/wp\/v2\/media?parent=162098"}],"wp:term":[{"taxonomy":"category","embeddable":true,"href":"https:\/\/www.messinaoggi.it\/website\/wp-json\/wp\/v2\/categories?post=162098"},{"taxonomy":"post_tag","embeddable":true,"href":"https:\/\/www.messinaoggi.it\/website\/wp-json\/wp\/v2\/tags?post=162098"}],"curies":[{"name":"wp","href":"https:\/\/api.w.org\/{rel}","templated":true}]}}