{"id":16196,"date":"2018-02-27T11:05:40","date_gmt":"2018-02-27T10:05:40","guid":{"rendered":"http:\/\/www.messinaoggi.it\/website\/?p=16196"},"modified":"2018-02-27T11:05:40","modified_gmt":"2018-02-27T10:05:40","slug":"messinambiente-esce-di-scena-dal-1-marzo-si-volta-pagina","status":"publish","type":"post","link":"https:\/\/www.messinaoggi.it\/website\/2018\/02\/27\/messinambiente-esce-di-scena-dal-1-marzo-si-volta-pagina\/","title":{"rendered":"MessinAmbiente esce di scena, dal 1\u00b0 marzo si volta pagina"},"content":{"rendered":"<p>Meno 2. Dal 1 marzo non sar\u00e0 pi\u00f9 MessinAmbiente ad occuparsi della spazzatura in citt\u00e0.<br \/>\nIl disco verde \u00e8 arrivato dopo l\u2019ennesima giornata turbolenta, trascorsa a perfezionare una procedura che segna il passaggio epocale di testimone tra MessinAmbiente e MessinaServizi Bene Comune.<br \/>\nIl contratto di usufrutto del ramo d\u2019azienda \u00e8 stato ratificato ieri sera. Una firma che chiude un iter che si \u00e8 trascinato per mesi con i lavoratori sempre al centro di un estenuante tira e molla.<div id=\"div-gpt-ad-Messinaoggi.it-DSK-300x250-corpoart\" style=\"text-align:center;margin:0 auto;\"><\/div><\/p>\n<div id=\"videoincontent\" style=\"clear:both\";><\/div>","protected":false},"excerpt":{"rendered":"<p>Meno 2. Dal 1 marzo non sar\u00e0 pi\u00f9 MessinAmbiente ad occuparsi della spazzatura in citt\u00e0. Il disco verde \u00e8 arrivato dopo l\u2019ennesima giornata turbolenta, trascorsa a perfezionare una procedura che segna il passaggio epocale di testimone tra MessinAmbiente e MessinaServizi Bene Comune. Il contratto di usufrutto del ramo d\u2019azienda \u00e8 stato ratificato ieri sera. Una [&hellip;]<\/p>\n","protected":false},"author":2,"featured_media":3343,"comment_status":"closed","ping_status":"open","sticky":false,"template":"","format":"standard","meta":{"ub_ctt_via":"","_mi_skip_tracking":false},"categories":[6],"tags":[],"featured_image_src":"https:\/\/www.messinaoggi.it\/website\/wp-content\/uploads\/2017\/06\/messinambiente-lavoratori-spalle-1-2.jpg","author_info":{"display_name":"Redazione","author_link":"https:\/\/www.messinaoggi.it\/website\/author\/redazione\/"},"digistream_id":0,"digistream":false,"_links":{"self":[{"href":"https:\/\/www.messinaoggi.it\/website\/wp-json\/wp\/v2\/posts\/16196"}],"collection":[{"href":"https:\/\/www.messinaoggi.it\/website\/wp-json\/wp\/v2\/posts"}],"about":[{"href":"https:\/\/www.messinaoggi.it\/website\/wp-json\/wp\/v2\/types\/post"}],"author":[{"embeddable":true,"href":"https:\/\/www.messinaoggi.it\/website\/wp-json\/wp\/v2\/users\/2"}],"replies":[{"embeddable":true,"href":"https:\/\/www.messinaoggi.it\/website\/wp-json\/wp\/v2\/comments?post=16196"}],"version-history":[{"count":0,"href":"https:\/\/www.messinaoggi.it\/website\/wp-json\/wp\/v2\/posts\/16196\/revisions"}],"wp:featuredmedia":[{"embeddable":true,"href":"https:\/\/www.messinaoggi.it\/website\/wp-json\/wp\/v2\/media\/3343"}],"wp:attachment":[{"href":"https:\/\/www.messinaoggi.it\/website\/wp-json\/wp\/v2\/media?parent=16196"}],"wp:term":[{"taxonomy":"category","embeddable":true,"href":"https:\/\/www.messinaoggi.it\/website\/wp-json\/wp\/v2\/categories?post=16196"},{"taxonomy":"post_tag","embeddable":true,"href":"https:\/\/www.messinaoggi.it\/website\/wp-json\/wp\/v2\/tags?post=16196"}],"curies":[{"name":"wp","href":"https:\/\/api.w.org\/{rel}","templated":true}]}}