{"id":161852,"date":"2023-07-06T18:07:54","date_gmt":"2023-07-06T16:07:54","guid":{"rendered":"https:\/\/www.messinaoggi.it\/website\/2023\/07\/06\/covid-conte-commissione-plotone-desecuzione-e-una-farsa\/"},"modified":"2023-07-07T00:28:40","modified_gmt":"2023-07-06T22:28:40","slug":"covid-conte-commissione-plotone-desecuzione-e-una-farsa","status":"publish","type":"post","link":"https:\/\/www.messinaoggi.it\/website\/2023\/07\/06\/covid-conte-commissione-plotone-desecuzione-e-una-farsa\/","title":{"rendered":"Covid, Conte \u201cCommissione plotone d\u2019esecuzione, \u00e8 una farsa\u201d"},"content":{"rendered":"<div>ROMA (ITALPRESS) &#8211; &#8220;Cos\u00ec come avete costruito&#8221; la Commissione Covid &#8220;\u00e8 un plotone di esecuzione politica che ha due nomi: Giuseppe Conte e Roberto Speranza. Per fare questo state utilizzando la leva di quella che poteva essere l&#8217;occasione seria per un approfondimento di cui il Paese ha bisogno. Cosa andate a dire ai cittadini che hanno constatato tutte le carenze nelle loro strutture sanitarie, che a voi non interessa fare questo accertamento? Questa \u00e8 la vostra risposta&#8221;. Cos\u00ec il presidente del M5S, Giuseppe Conte, nel suo intervento in Aula. <br \/>&#8220;Questo tentativo di costruire un plotone di esecuzione con me non funziona perch\u00e8 noi, a differenza di molti dei vostri esponenti politici, nelle aule, anche dei tribunali, ci entriamo a testa alta. Ci siamo entrati a testa alta perch\u00e8 noi ci difendiamo non dai processi ma nei processi &#8211; ha sottolineato -, e i tribunali hanno archiviato e accertato che il mio governo ha operato scelte ponderate e ragionevoli con massimo impegno e massima responsabilit\u00e0. Io vi accuso davanti al popolo italiano perch\u00e8 questa commissione \u00e8 una farsa, non \u00e8 un atto di coraggio politico, \u00e8 un atto di vigliaccheria. Avete dalla vostra solo una cosa: la forza dei numeri ma non vi riconosciamo nessuna autorevolezza politica e morale e questo schiaffo che state dando agli italiani, alle famiglie che hanno sofferto, agli operatori sanitari, alle forze di polizia, lo darete senza la nostra complicit\u00e0&#8221;, ha concluso Conte.<br \/>(ITALPRESS).<br \/>&#8211; Foto: Agenzia Fotogramma &#8211;<\/div>\n<div id=\"div-gpt-ad-Messinaoggi.it-DSK-300x250-corpoart\" style=\"text-align:center;margin:0 auto;\"><\/div><\/p><div id=\"videoincontent\" style=\"clear:both\";><\/div>","protected":false},"excerpt":{"rendered":"<p>ROMA (ITALPRESS) &#8211; &#8220;Cos\u00ec come avete costruito&#8221; la Commissione Covid &#8220;\u00e8 un plotone di esecuzione politica che ha due nomi: Giuseppe Conte e Roberto Speranza. Per fare questo state utilizzando la leva di quella che poteva essere l&#8217;occasione seria per un approfondimento di cui il Paese ha bisogno. Cosa andate a dire ai cittadini che [&hellip;]<\/p>\n","protected":false},"author":18,"featured_media":161853,"comment_status":"closed","ping_status":"closed","sticky":false,"template":"","format":"standard","meta":{"ub_ctt_via":"","_mi_skip_tracking":false},"categories":[221,446],"tags":[783],"featured_image_src":"https:\/\/www.messinaoggi.it\/website\/wp-content\/uploads\/2023\/07\/20230706_1753.jpg","author_info":{"display_name":"Admin","author_link":"https:\/\/www.messinaoggi.it\/website\/author\/admin\/"},"digistream_id":0,"digistream":false,"_links":{"self":[{"href":"https:\/\/www.messinaoggi.it\/website\/wp-json\/wp\/v2\/posts\/161852"}],"collection":[{"href":"https:\/\/www.messinaoggi.it\/website\/wp-json\/wp\/v2\/posts"}],"about":[{"href":"https:\/\/www.messinaoggi.it\/website\/wp-json\/wp\/v2\/types\/post"}],"author":[{"embeddable":true,"href":"https:\/\/www.messinaoggi.it\/website\/wp-json\/wp\/v2\/users\/18"}],"replies":[{"embeddable":true,"href":"https:\/\/www.messinaoggi.it\/website\/wp-json\/wp\/v2\/comments?post=161852"}],"version-history":[{"count":1,"href":"https:\/\/www.messinaoggi.it\/website\/wp-json\/wp\/v2\/posts\/161852\/revisions"}],"predecessor-version":[{"id":161920,"href":"https:\/\/www.messinaoggi.it\/website\/wp-json\/wp\/v2\/posts\/161852\/revisions\/161920"}],"wp:featuredmedia":[{"embeddable":true,"href":"https:\/\/www.messinaoggi.it\/website\/wp-json\/wp\/v2\/media\/161853"}],"wp:attachment":[{"href":"https:\/\/www.messinaoggi.it\/website\/wp-json\/wp\/v2\/media?parent=161852"}],"wp:term":[{"taxonomy":"category","embeddable":true,"href":"https:\/\/www.messinaoggi.it\/website\/wp-json\/wp\/v2\/categories?post=161852"},{"taxonomy":"post_tag","embeddable":true,"href":"https:\/\/www.messinaoggi.it\/website\/wp-json\/wp\/v2\/tags?post=161852"}],"curies":[{"name":"wp","href":"https:\/\/api.w.org\/{rel}","templated":true}]}}