{"id":161699,"date":"2023-07-05T14:07:56","date_gmt":"2023-07-05T12:07:56","guid":{"rendered":"https:\/\/www.messinaoggi.it\/website\/2023\/07\/05\/fondazione-rava-da-23-anni-al-fianco-dei-bambini-in-tutto-il-mondo\/"},"modified":"2023-07-05T14:07:56","modified_gmt":"2023-07-05T12:07:56","slug":"fondazione-rava-da-23-anni-al-fianco-dei-bambini-in-tutto-il-mondo","status":"publish","type":"post","link":"https:\/\/www.messinaoggi.it\/website\/2023\/07\/05\/fondazione-rava-da-23-anni-al-fianco-dei-bambini-in-tutto-il-mondo\/","title":{"rendered":"Fondazione Rava, da 23 anni al fianco dei bambini in tutto il mondo"},"content":{"rendered":"<div>ROMA (ITALPRESS) &#8211; Fondazioni, associazioni di volontariato e senza scopri lucro. Sono moltissime in Italia le realt\u00e0 impegnate a migliorare la vita, l&#8217;esistenza, l&#8217;istruzione, l&#8217;accesso alle cure delle fasce deboli della popolazione nel nostro paese o all&#8217;estero. Dall&#8217;adozione a distanza all&#8217;aiuto nella spesa, dall&#8217;assistenza ai malati terminali alla difesa dei diritti umani: un&#8217;insieme di realt\u00e0 diversissime tra loro per operato, dimensione, struttura, ma che insieme rappresentano una grande risorsa, in grado di arrivare l\u00e0 dove le istituzioni nazionali e internazionali non riescono ad arrivare. Se ne \u00e8 parlato con Maria Vittoria Rava, presidente della Fondazione Francesca Rava, nata nel 2000 per aiutare l&#8217;infanzia e l&#8217;adolescenza nelle condizioni di disagio, le mamme e le donne fragili a cominciare dall&#8217;Italia e poi ad Haiti e nel mondo, intervistata da Marco Klinger, per Medicina Top, format tv dell&#8217;agenzia di stampa Italpress. <br \/>&#8220;La nostra mission \u00e8 aiutare e salvare bambini e ragazzi fragili nei paesi pi\u00f9 poveri del mondo, da Haiti e dunque l&#8217;America latina passando anche per la nostra Italia dove ci sono sacche di povert\u00e0 economica, sanitaria ed educativa &#8211; ha esordito Rava &#8211; Lo facciamo con il cuore, ci caratterizziamo per la trasparenza, la concretezza e ci mettiamo molto amore, il che vuol dire anche responsabilit\u00e0. Siamo impegnati nelle emergenze che colpiscono bambini e ragazzi in tutto il mondo, purtroppo recentemente ne abbiamo avute tante&#8221;. <br \/>Una fondazione che nasce in memoria della sorella Francesca, che ha perso la vita in un&#8217;incidente d&#8217;auto, dramma familiare che ha poi spinto Maria Vittoria Rava a fare del bene nei confronti dei pi\u00f9 bisognosi: &#8220;Quella della fondazione \u00e8 una storia di vita &#8211; ha spiegato &#8211; Porta il nome di mia sorella, io sono un avvocato e ho perso mia sorella in un incidente d&#8217;auto, che pu\u00f2 capitare a tutti ma finch\u00e8 non ti capita non capisci. Ho fatto delle riflessioni, ho cominciato a uscire fuori dal buio fornendo delle consulenze gratuite a chi ne aveva bisogno&#8221;. <br \/>&#8220;Siamo divisi al momento tra l&#8217;Emilia-Romagna, dove spaliamo il fango e sforniamo cibo per le persone sfollate, e poi siamo anche impegnati con la partenza dei nostri campus estivi, c&#8217;\u00e8 chi va in spiaggia e chi invece in estate parte con noi anche in direzione dei paesi del terzo mondo, con tanti giovani e tante famiglie impegnate &#8211; ha aggiunto Rava &#8211; Sono una persona molto umile, per\u00f2 \u00e8 una grandissima soddisfazione quando si ha la sensazione concreta di aver aiutato le persone. C&#8217;\u00e8 poi la condivisione con tante persone che portano la loro eccellenza per aiutare le altre persone. Fare del bene fa bene a tutti. E sono tante le iniziative messe in atto negli ultimi anni dalla Fondazione Rava: &#8220;La fondazione Francesca Rava \u00e8 concreta e trasparente, mia sorella lavorava in una societ\u00e0 di revisione e il giorno in cui questo non sar\u00e0 cos\u00ec sar\u00f2 io la prima a non entrare nella Fondazione &#8211; ha ammesso &#8211; Ad Haiti, dove salviamo 80.000 bambini all&#8217;anno, abbiamo la chirurgia pediatrica e la neonatologia. Il numero pi\u00f9 bello sono i 300 dipendenti tutti locali, noi facciamo l&#8217;empowerment, dei medici eccellenti vengono con noi a insegnare e questa \u00e8 l&#8217;eredit\u00e0 pi\u00f9 bella che possiamo lasciare a questo paese&#8221;. <br \/>Tra le altre attivit\u00e0, la raccolta di farmaci per bambini nelle farmacie italiane: &#8220;Nella giornata dei diritti dell&#8217;infanzia, migliaia di farmacisti italiani scendono in campo coi volontari &#8211; ha raccontato Rava &#8211; I farmacisti sono la sentinella del bisogno sul territorio. Raccogliamo cos\u00ec farmaci da banco a uso pediatrico e li doniamo a case famiglia e centri di accoglienza, invito pertanto tutti a partecipare&#8221;. Il focus della Fondazione, dunque, resta quello sui bambini che vivono in condizione di disagio e povert\u00e0: &#8220;In autunno ci saranno tantissime iniziative con le adozioni a distanza, tantissimi bambini nel mondo vengono abbandonati e vogliamo proseguire con questa campagna di sensibilizzazione. Il mio invito \u00e8 di unirvi alla nostra squadra, non ve ne pentirete. Ho imparato ad Haiti che un bambino che non piange pi\u00f9 \u00e8 un bambino che non sta bene, perch\u00e8 non ha pi\u00f9 le forze &#8211; ha concluso &#8211; Avere quei bambini negli occhi mi ha dato tutti i giorni la forza di fare il massimo&#8221;.<div id=\"div-gpt-ad-Messinaoggi.it-DSK-300x250-corpoart\" style=\"text-align:center;margin:0 auto;\"><\/div><\/p>\n<p>&#8211; foto Italpress &#8211;<br \/>(ITALPRESS).<\/div>\n<div id=\"videoincontent\" style=\"clear:both\";><\/div>","protected":false},"excerpt":{"rendered":"<p>ROMA (ITALPRESS) &#8211; Fondazioni, associazioni di volontariato e senza scopri lucro. Sono moltissime in Italia le realt\u00e0 impegnate a migliorare la vita, l&#8217;esistenza, l&#8217;istruzione, l&#8217;accesso alle cure delle fasce deboli della popolazione nel nostro paese o all&#8217;estero. Dall&#8217;adozione a distanza all&#8217;aiuto nella spesa, dall&#8217;assistenza ai malati terminali alla difesa dei diritti umani: un&#8217;insieme di realt\u00e0 [&hellip;]<\/p>\n","protected":false},"author":18,"featured_media":161700,"comment_status":"closed","ping_status":"closed","sticky":false,"template":"","format":"standard","meta":{"ub_ctt_via":"","_mi_skip_tracking":false},"categories":[446],"tags":[783],"featured_image_src":"https:\/\/www.messinaoggi.it\/website\/wp-content\/uploads\/2023\/07\/20230705_0714.jpg","author_info":{"display_name":"Admin","author_link":"https:\/\/www.messinaoggi.it\/website\/author\/admin\/"},"digistream_id":0,"digistream":false,"_links":{"self":[{"href":"https:\/\/www.messinaoggi.it\/website\/wp-json\/wp\/v2\/posts\/161699"}],"collection":[{"href":"https:\/\/www.messinaoggi.it\/website\/wp-json\/wp\/v2\/posts"}],"about":[{"href":"https:\/\/www.messinaoggi.it\/website\/wp-json\/wp\/v2\/types\/post"}],"author":[{"embeddable":true,"href":"https:\/\/www.messinaoggi.it\/website\/wp-json\/wp\/v2\/users\/18"}],"replies":[{"embeddable":true,"href":"https:\/\/www.messinaoggi.it\/website\/wp-json\/wp\/v2\/comments?post=161699"}],"version-history":[{"count":0,"href":"https:\/\/www.messinaoggi.it\/website\/wp-json\/wp\/v2\/posts\/161699\/revisions"}],"wp:featuredmedia":[{"embeddable":true,"href":"https:\/\/www.messinaoggi.it\/website\/wp-json\/wp\/v2\/media\/161700"}],"wp:attachment":[{"href":"https:\/\/www.messinaoggi.it\/website\/wp-json\/wp\/v2\/media?parent=161699"}],"wp:term":[{"taxonomy":"category","embeddable":true,"href":"https:\/\/www.messinaoggi.it\/website\/wp-json\/wp\/v2\/categories?post=161699"},{"taxonomy":"post_tag","embeddable":true,"href":"https:\/\/www.messinaoggi.it\/website\/wp-json\/wp\/v2\/tags?post=161699"}],"curies":[{"name":"wp","href":"https:\/\/api.w.org\/{rel}","templated":true}]}}