{"id":161636,"date":"2023-07-05T09:07:58","date_gmt":"2023-07-05T07:07:58","guid":{"rendered":"https:\/\/www.messinaoggi.it\/website\/2023\/07\/05\/ue-crosetto-maggioranza-ursula-tecnica-non-politica-andare-oltre\/"},"modified":"2023-07-05T09:07:58","modified_gmt":"2023-07-05T07:07:58","slug":"ue-crosetto-maggioranza-ursula-tecnica-non-politica-andare-oltre","status":"publish","type":"post","link":"https:\/\/www.messinaoggi.it\/website\/2023\/07\/05\/ue-crosetto-maggioranza-ursula-tecnica-non-politica-andare-oltre\/","title":{"rendered":"Ue, Crosetto \u201cMaggioranza Ursula tecnica non politica, andare oltre\u201d"},"content":{"rendered":"<div>ROMA (ITALPRESS) &#8211; &#8220;Quella che ha eletto Ursula von der Leyen \u00e8 stata una maggioranza tecnica, non politica. Bisogna andare oltre quella maggioranza e superarla perch\u00e8 l&#8217;effetto che si \u00e8 creato \u00e8 un distacco tra l&#8217;Ue e i suoi cittadini e popoli&#8221;. Lo ha detto il ministro della Difesa Guido Crosetto, in un&#8217;intervista su La Repubblica in edicola oggi. &#8220;Il nostro progetto &#8211; spiega &#8211; parte per mettere insieme popolari e conservatori. E&#8217; un&#8217;idea rivoluzionaria che obbligherebbe l&#8217;intero sistema politico europeo a una evoluzione positiva. Se poi non sar\u00e0 possibile, se mancheranno i numeri, allora partendo da questa base ragioneremo di un allargamento&#8221; aggiunge. Crosetto esprime dei distinguo anche nei confronti di Marine Le Pen e Afd, &#8220;apparteniamo ad un altro gruppo e siamo diversi, come \u00e8 noto. Su temi cos\u00ec importanti, ad esempio sulla guerra in Ucraina, serve unit\u00e0 e chiarezza. Sono scelte strategiche rilevanti e non si possono fare sconti a nessuno&#8221;.(ITALPRESS).<div id=\"div-gpt-ad-Messinaoggi.it-DSK-300x250-corpoart\" style=\"text-align:center;margin:0 auto;\"><\/div><\/p>\n<p>Photo Credits: www.agenziafotogramma.it<div id=\"videoincontent\" style=\"clear:both\";><\/div><\/p><\/div>\n","protected":false},"excerpt":{"rendered":"<p>ROMA (ITALPRESS) &#8211; &#8220;Quella che ha eletto Ursula von der Leyen \u00e8 stata una maggioranza tecnica, non politica. Bisogna andare oltre quella maggioranza e superarla perch\u00e8 l&#8217;effetto che si \u00e8 creato \u00e8 un distacco tra l&#8217;Ue e i suoi cittadini e popoli&#8221;. Lo ha detto il ministro della Difesa Guido Crosetto, in un&#8217;intervista su La [&hellip;]<\/p>\n","protected":false},"author":18,"featured_media":161637,"comment_status":"closed","ping_status":"closed","sticky":false,"template":"","format":"standard","meta":{"ub_ctt_via":"","_mi_skip_tracking":false},"categories":[446],"tags":[783],"featured_image_src":"https:\/\/www.messinaoggi.it\/website\/wp-content\/uploads\/2023\/07\/20230705_0049.jpg","author_info":{"display_name":"Admin","author_link":"https:\/\/www.messinaoggi.it\/website\/author\/admin\/"},"digistream_id":0,"digistream":false,"_links":{"self":[{"href":"https:\/\/www.messinaoggi.it\/website\/wp-json\/wp\/v2\/posts\/161636"}],"collection":[{"href":"https:\/\/www.messinaoggi.it\/website\/wp-json\/wp\/v2\/posts"}],"about":[{"href":"https:\/\/www.messinaoggi.it\/website\/wp-json\/wp\/v2\/types\/post"}],"author":[{"embeddable":true,"href":"https:\/\/www.messinaoggi.it\/website\/wp-json\/wp\/v2\/users\/18"}],"replies":[{"embeddable":true,"href":"https:\/\/www.messinaoggi.it\/website\/wp-json\/wp\/v2\/comments?post=161636"}],"version-history":[{"count":0,"href":"https:\/\/www.messinaoggi.it\/website\/wp-json\/wp\/v2\/posts\/161636\/revisions"}],"wp:featuredmedia":[{"embeddable":true,"href":"https:\/\/www.messinaoggi.it\/website\/wp-json\/wp\/v2\/media\/161637"}],"wp:attachment":[{"href":"https:\/\/www.messinaoggi.it\/website\/wp-json\/wp\/v2\/media?parent=161636"}],"wp:term":[{"taxonomy":"category","embeddable":true,"href":"https:\/\/www.messinaoggi.it\/website\/wp-json\/wp\/v2\/categories?post=161636"},{"taxonomy":"post_tag","embeddable":true,"href":"https:\/\/www.messinaoggi.it\/website\/wp-json\/wp\/v2\/tags?post=161636"}],"curies":[{"name":"wp","href":"https:\/\/api.w.org\/{rel}","templated":true}]}}