{"id":161583,"date":"2023-07-04T17:47:21","date_gmt":"2023-07-04T15:47:21","guid":{"rendered":"http:\/\/www.messinaoggi.it\/website\/?p=161583"},"modified":"2023-07-04T17:47:22","modified_gmt":"2023-07-04T15:47:22","slug":"riforma-calderoli-musolino-e-gallo-dimissioni-esperti-evidenzia-limiti","status":"publish","type":"post","link":"https:\/\/www.messinaoggi.it\/website\/2023\/07\/04\/riforma-calderoli-musolino-e-gallo-dimissioni-esperti-evidenzia-limiti\/","title":{"rendered":"Riforma Calderoli, Musolino e Gallo: &#8220;Dimissioni esperti evidenzia limiti&#8221;"},"content":{"rendered":"\n<p>\u201cLe dimissioni odierne di quattro esperti dal Comitato tecnico per la definizione dei Livelli essenziali delle prestazioni \u2013 Franco Bassanini, Giuliano Amato, Franco Gallo, e Alessandro Pajno \u2013 evidenziano, se ancora ce ne fosse bisogno, i limiti e la impraticabilit\u00e0 delle proposte presenti nel ddl Calderoli. Nel metodo e nel merito l\u2019autonomia differenziata, cos\u00ec come \u00e8 stata proposta dal Ministro, rappresenta un serio danno al Sud d\u2019Italia e rischia di approfondire ancora di pi\u00f9 le divisioni nel Paese. L\u2019auspicio \u00e8 che vi sia un ripensamento del percorso fin qui seguito e l\u2019apertura di una stagione di confronto che non punti a spaccare l\u2019Italia ma a renderla pi\u00f9 unita, pi\u00f9 efficiente e pi\u00f9 solidale.\u201d <div id=\"div-gpt-ad-Messinaoggi.it-DSK-300x250-corpoart\" style=\"text-align:center;margin:0 auto;\"><\/div><\/p>\n\n\n\n<p>Lo affermano, in una dichiarazione congiunta, l\u2019on.Francesco Gallo\u00a0 e la sen.Dafne Musolino, rispettivamente deputato nazionale\u00a0 e senatrice di Sud chiama Nord.<div id=\"videoincontent\" style=\"clear:both\";><\/div><\/p>\n","protected":false},"excerpt":{"rendered":"<p>\u201cLe dimissioni odierne di quattro esperti dal Comitato tecnico per la definizione dei Livelli essenziali delle prestazioni \u2013 Franco Bassanini, Giuliano Amato, Franco Gallo, e Alessandro Pajno \u2013 evidenziano, se ancora ce ne fosse bisogno, i limiti e la impraticabilit\u00e0 delle proposte presenti nel ddl Calderoli. Nel metodo e nel merito l\u2019autonomia differenziata, cos\u00ec come [&hellip;]<\/p>\n","protected":false},"author":2,"featured_media":126577,"comment_status":"open","ping_status":"open","sticky":false,"template":"","format":"standard","meta":{"ub_ctt_via":"","_mi_skip_tracking":false},"categories":[6],"tags":[167,3479,8239],"featured_image_src":"https:\/\/www.messinaoggi.it\/website\/wp-content\/uploads\/2022\/10\/GALLO-CAMERA.jpeg","author_info":{"display_name":"Redazione","author_link":"https:\/\/www.messinaoggi.it\/website\/author\/redazione\/"},"digistream_id":0,"digistream":false,"_links":{"self":[{"href":"https:\/\/www.messinaoggi.it\/website\/wp-json\/wp\/v2\/posts\/161583"}],"collection":[{"href":"https:\/\/www.messinaoggi.it\/website\/wp-json\/wp\/v2\/posts"}],"about":[{"href":"https:\/\/www.messinaoggi.it\/website\/wp-json\/wp\/v2\/types\/post"}],"author":[{"embeddable":true,"href":"https:\/\/www.messinaoggi.it\/website\/wp-json\/wp\/v2\/users\/2"}],"replies":[{"embeddable":true,"href":"https:\/\/www.messinaoggi.it\/website\/wp-json\/wp\/v2\/comments?post=161583"}],"version-history":[{"count":1,"href":"https:\/\/www.messinaoggi.it\/website\/wp-json\/wp\/v2\/posts\/161583\/revisions"}],"predecessor-version":[{"id":161584,"href":"https:\/\/www.messinaoggi.it\/website\/wp-json\/wp\/v2\/posts\/161583\/revisions\/161584"}],"wp:featuredmedia":[{"embeddable":true,"href":"https:\/\/www.messinaoggi.it\/website\/wp-json\/wp\/v2\/media\/126577"}],"wp:attachment":[{"href":"https:\/\/www.messinaoggi.it\/website\/wp-json\/wp\/v2\/media?parent=161583"}],"wp:term":[{"taxonomy":"category","embeddable":true,"href":"https:\/\/www.messinaoggi.it\/website\/wp-json\/wp\/v2\/categories?post=161583"},{"taxonomy":"post_tag","embeddable":true,"href":"https:\/\/www.messinaoggi.it\/website\/wp-json\/wp\/v2\/tags?post=161583"}],"curies":[{"name":"wp","href":"https:\/\/api.w.org\/{rel}","templated":true}]}}