{"id":161580,"date":"2023-07-04T17:07:57","date_gmt":"2023-07-04T15:07:57","guid":{"rendered":"https:\/\/www.messinaoggi.it\/website\/2023\/07\/04\/sicilia-e-malta-uniscono-le-forze-per-tutelare-le-aree-marine-protette\/"},"modified":"2023-07-04T17:45:55","modified_gmt":"2023-07-04T15:45:55","slug":"sicilia-e-malta-uniscono-le-forze-per-tutelare-le-aree-marine-protette","status":"publish","type":"post","link":"https:\/\/www.messinaoggi.it\/website\/2023\/07\/04\/sicilia-e-malta-uniscono-le-forze-per-tutelare-le-aree-marine-protette\/","title":{"rendered":"Sicilia e Malta uniscono le forze per tutelare le aree marine protette"},"content":{"rendered":"<div>ROMA (ITALPRESS) &#8211; Contribuire a proteggere e salvaguardare la biodiversit\u00e0 marina e terrestre delle Aree Marine Protette di Sicilia e Malta attraverso la creazione di sistemi e servizi per la protezione e il ripristino della biodiversit\u00e0 transfrontaliera, con il coinvolgimento diretto di Enti pubblici, imprese, ONG, pescatori, cittadini, turisti tramite azioni di sensibilizzazione ed educazione ambientale. Questo l&#8217;obiettivo del progetto &#8220;AMPPA &#8211; Aree Marine Protette e Pesca Artigianale Gestione integrata attraverso la sensibilizzazione ed educazione ambientale&#8221;.<br \/>Si tratta di una misura finanziata nell&#8217;ambito del Programma INTERREG V-A Italia-Malta con asse prioritario III (tutela dell&#8217;ambiente e promozione di un uso efficiente delle risorse) e obiettivo specifico 3.1 (Contribuire ad arrestare la perdita di biodiversit\u00e0 terrestre e marina dell&#8217;area mantenendo e ripristinando gli ecosistemi e le aree protette).<br \/>Capofila \u00e8 il Comune di Favignana &#8211; Ente gestore dell&#8217;Area Marina Protetta &#8220;Isole Egadi&#8221;, partner: il Dipartimento Regionale della Pesca Mediterranea; il Comune di Ustica &#8211; Ente gestore dell&#8217;Area Marina Protetta Isola di Ustica; Gharb (HARB) Local Council; Ghajnsielem (HEIN SELEIM) Local Council.<br \/>Il Programma INTERREG V-A Italia-Malta promuove lo sviluppo di ambiti di interesse comune per i territori dell&#8217;area, come la salvaguardia dell&#8217;ambiente, la sicurezza del territorio e del mare, il patrimonio culturale, la qualit\u00e0 della vita e la salute dei cittadini.<br \/>Le Aree marine protette hanno un ruolo cruciale per la tutela dell&#8217;ambiente marino, perch\u00e8 sono &#8220;strumenti ideali&#8221; per rispondere a tre necessit\u00e0 prioritarie per lo sviluppo sostenibile delle aree costiere e marine: conservare la biodiversit\u00e0 marina, mantenere la produttivit\u00e0 degli ecosistemi e contribuire al benessere economico e sociale delle comunit\u00e0 umane. Le AMP, se condotte su basi corrette, sono l&#8217;anello trainante del processo d&#8217;integrazione tra le esigenze di protezione delle risorse e quelle di sviluppo, assicurando un miglioramento nella qualit\u00e0 della vita delle popolazioni rivierasche e la presenza di strutture idonee a diffondere l&#8217;idea di una pi\u00f9 profonda conoscenza e di un maggior rispetto dei sistemi naturali.<div id=\"div-gpt-ad-Messinaoggi.it-DSK-300x250-corpoart\" style=\"text-align:center;margin:0 auto;\"><\/div><\/p>\n<p>&#8211; foto Amppa &#8211;<div id=\"videoincontent\" style=\"clear:both\";><\/div><\/p>\n<p>(ITALPRESS).<\/p><\/div>\n","protected":false},"excerpt":{"rendered":"<p>ROMA (ITALPRESS) &#8211; Contribuire a proteggere e salvaguardare la biodiversit\u00e0 marina e terrestre delle Aree Marine Protette di Sicilia e Malta attraverso la creazione di sistemi e servizi per la protezione e il ripristino della biodiversit\u00e0 transfrontaliera, con il coinvolgimento diretto di Enti pubblici, imprese, ONG, pescatori, cittadini, turisti tramite azioni di sensibilizzazione ed educazione [&hellip;]<\/p>\n","protected":false},"author":18,"featured_media":161581,"comment_status":"closed","ping_status":"closed","sticky":false,"template":"","format":"standard","meta":{"ub_ctt_via":"","_mi_skip_tracking":false},"categories":[446,11],"tags":[783],"featured_image_src":"https:\/\/www.messinaoggi.it\/website\/wp-content\/uploads\/2023\/07\/20230704_1139.jpg","author_info":{"display_name":"Admin","author_link":"https:\/\/www.messinaoggi.it\/website\/author\/admin\/"},"digistream_id":0,"digistream":false,"_links":{"self":[{"href":"https:\/\/www.messinaoggi.it\/website\/wp-json\/wp\/v2\/posts\/161580"}],"collection":[{"href":"https:\/\/www.messinaoggi.it\/website\/wp-json\/wp\/v2\/posts"}],"about":[{"href":"https:\/\/www.messinaoggi.it\/website\/wp-json\/wp\/v2\/types\/post"}],"author":[{"embeddable":true,"href":"https:\/\/www.messinaoggi.it\/website\/wp-json\/wp\/v2\/users\/18"}],"replies":[{"embeddable":true,"href":"https:\/\/www.messinaoggi.it\/website\/wp-json\/wp\/v2\/comments?post=161580"}],"version-history":[{"count":1,"href":"https:\/\/www.messinaoggi.it\/website\/wp-json\/wp\/v2\/posts\/161580\/revisions"}],"predecessor-version":[{"id":161582,"href":"https:\/\/www.messinaoggi.it\/website\/wp-json\/wp\/v2\/posts\/161580\/revisions\/161582"}],"wp:featuredmedia":[{"embeddable":true,"href":"https:\/\/www.messinaoggi.it\/website\/wp-json\/wp\/v2\/media\/161581"}],"wp:attachment":[{"href":"https:\/\/www.messinaoggi.it\/website\/wp-json\/wp\/v2\/media?parent=161580"}],"wp:term":[{"taxonomy":"category","embeddable":true,"href":"https:\/\/www.messinaoggi.it\/website\/wp-json\/wp\/v2\/categories?post=161580"},{"taxonomy":"post_tag","embeddable":true,"href":"https:\/\/www.messinaoggi.it\/website\/wp-json\/wp\/v2\/tags?post=161580"}],"curies":[{"name":"wp","href":"https:\/\/api.w.org\/{rel}","templated":true}]}}