{"id":161578,"date":"2023-07-04T17:07:55","date_gmt":"2023-07-04T15:07:55","guid":{"rendered":"https:\/\/www.messinaoggi.it\/website\/2023\/07\/04\/stevanato-riforma-sport-epocale-ma-aumenteranno-oneri\/"},"modified":"2023-07-04T17:07:55","modified_gmt":"2023-07-04T15:07:55","slug":"stevanato-riforma-sport-epocale-ma-aumenteranno-oneri","status":"publish","type":"post","link":"https:\/\/www.messinaoggi.it\/website\/2023\/07\/04\/stevanato-riforma-sport-epocale-ma-aumenteranno-oneri\/","title":{"rendered":"Stevanato \u201cRiforma sport epocale ma aumenteranno oneri\u201d"},"content":{"rendered":"<div>ROMA (ITALPRESS) &#8211; La riforma dello sport &#8220;si candida ad essere epocale, perch\u00e8 trascina una serie di effetti di vera e propria emersione, regolarizzazione, con oneri fiscali e contributivi che prima erano molto ridotti, quasi inesistenti. Indubbiamente aumenteranno i costi per le realt\u00e0 del mondo dilettantistico. Le piccole e piccolissime realt\u00e0 vivranno un momento di stacco e presa di coscienza, e dovranno affrontare un percorso di valutazione economica&#8221;. Lo ha evidenziato l&#8217;avvocato Luca Stevanato, presidente EbiSport, nel corso di un&#8217;intervista a Italpress, parlando di riforma dello sport e CCNL. Fulcro del dibattito sulla riforma, il tema della sostenibilit\u00e0 &#8220;sempre centrale nella valutazione del contratto collettivo. &#8211; ha detto ancora Stevanato &#8211; Stiamo parlando di micro realt\u00e0, spesso piccolissime, che si troveranno di fronte non solo alla necessit\u00e0 di onorare imposte, carichi contributivi, assicurativi, ma che avranno sicuramente una grande difficolt\u00e0 dal punto di vista degli oneri per gli adempimenti, rispetto al regime precedente di sostanziale deregolamentazione. Sicuramente molti professionisti dovranno dotarsi di strumenti idonei, e tutto ci\u00f2 impatter\u00e0 sull&#8217;utenza. Speriamo che siano il meno possibile, ma dei dubbi sulla sostenibilit\u00e0 ci sono&#8221;. Una riforma che, secondo Mirco Ceotto, segretario nazionale Fisascat Cisl, &#8220;non ci soddisfa del tutto, per\u00f2 far\u00e0 emergere tante persone che non sapevamo lavorassero nel mondo dello sport, e questo \u00e8 sicuramente un aspetto positivo. Non ho molta fiducia perch\u00e8 i primi segnali sono di spostamento dal lavoro dipendente al lavoro autonomo, ma non dispero. Stiamo ragionando per dare un p\u00f2 di fiato alla contrattazione in tutto il sistema del lavoro sportivo&#8221;. Sarebbe utile, ha concluso Ceotto, &#8220;modificare la norma inserendo qualcosa che dia spazio alla contrattazione, in modo da colmare i vuoti della riforma. Stabilire, dunque, sulle figure professionali le varie mansioni. Una cosa che ci aiuterebbe molto a trovare una sintesi tra i diritti dei lavoratori e la sostenibilit\u00e0 delle Asd&#8221;. <br \/>&#8211; Foto Italpress &#8211;<br \/>(ITALPRESS).<\/div>\n<div id=\"div-gpt-ad-Messinaoggi.it-DSK-300x250-corpoart\" style=\"text-align:center;margin:0 auto;\"><\/div><\/p><div id=\"videoincontent\" style=\"clear:both\";><\/div>","protected":false},"excerpt":{"rendered":"<p>ROMA (ITALPRESS) &#8211; La riforma dello sport &#8220;si candida ad essere epocale, perch\u00e8 trascina una serie di effetti di vera e propria emersione, regolarizzazione, con oneri fiscali e contributivi che prima erano molto ridotti, quasi inesistenti. Indubbiamente aumenteranno i costi per le realt\u00e0 del mondo dilettantistico. Le piccole e piccolissime realt\u00e0 vivranno un momento di [&hellip;]<\/p>\n","protected":false},"author":18,"featured_media":161579,"comment_status":"closed","ping_status":"closed","sticky":false,"template":"","format":"standard","meta":{"ub_ctt_via":"","_mi_skip_tracking":false},"categories":[446],"tags":[783],"featured_image_src":"https:\/\/www.messinaoggi.it\/website\/wp-content\/uploads\/2023\/07\/20230704_1122.jpg","author_info":{"display_name":"Admin","author_link":"https:\/\/www.messinaoggi.it\/website\/author\/admin\/"},"digistream_id":0,"digistream":false,"_links":{"self":[{"href":"https:\/\/www.messinaoggi.it\/website\/wp-json\/wp\/v2\/posts\/161578"}],"collection":[{"href":"https:\/\/www.messinaoggi.it\/website\/wp-json\/wp\/v2\/posts"}],"about":[{"href":"https:\/\/www.messinaoggi.it\/website\/wp-json\/wp\/v2\/types\/post"}],"author":[{"embeddable":true,"href":"https:\/\/www.messinaoggi.it\/website\/wp-json\/wp\/v2\/users\/18"}],"replies":[{"embeddable":true,"href":"https:\/\/www.messinaoggi.it\/website\/wp-json\/wp\/v2\/comments?post=161578"}],"version-history":[{"count":0,"href":"https:\/\/www.messinaoggi.it\/website\/wp-json\/wp\/v2\/posts\/161578\/revisions"}],"wp:featuredmedia":[{"embeddable":true,"href":"https:\/\/www.messinaoggi.it\/website\/wp-json\/wp\/v2\/media\/161579"}],"wp:attachment":[{"href":"https:\/\/www.messinaoggi.it\/website\/wp-json\/wp\/v2\/media?parent=161578"}],"wp:term":[{"taxonomy":"category","embeddable":true,"href":"https:\/\/www.messinaoggi.it\/website\/wp-json\/wp\/v2\/categories?post=161578"},{"taxonomy":"post_tag","embeddable":true,"href":"https:\/\/www.messinaoggi.it\/website\/wp-json\/wp\/v2\/tags?post=161578"}],"curies":[{"name":"wp","href":"https:\/\/api.w.org\/{rel}","templated":true}]}}