{"id":161550,"date":"2023-07-04T14:17:54","date_gmt":"2023-07-04T12:17:54","guid":{"rendered":"http:\/\/www.messinaoggi.it\/website\/?p=161550"},"modified":"2023-07-04T14:17:55","modified_gmt":"2023-07-04T12:17:55","slug":"turismo-a-messina-presentati-i-dati-2019-22","status":"publish","type":"post","link":"https:\/\/www.messinaoggi.it\/website\/2023\/07\/04\/turismo-a-messina-presentati-i-dati-2019-22\/","title":{"rendered":"Turismo a Messina, presentati i dati 2019\/22"},"content":{"rendered":"\n<p>L\u2019azione strategica dell\u2019Amministrazione comunale rivolta al programma di sviluppo turistico della citt\u00e0 di Messina \u00e8\u00a0stata\u00a0il filo conduttore dell\u2019odierna conferenza stampa per la presentazione dei dati statistici numerici dei flussi turistici a Messina degli anni 2019 e 2022. All\u2019incontro con i giornalisti, presenti il sindaco <strong>Federico Basile,<\/strong> il direttore generale dell\u2019ente <strong>Salvo Puccio <\/strong>e l\u2019 assessore al Turismo e al Brand Messina<strong> Enzo Caruso, <\/strong>hanno preso parte i presidenti\u00a0dell&#8217;Autorit\u00e0 di Sistema Portuale dello Stretto <strong>Mario Mega\u00a0<\/strong>e\u00a0della Camera di Commercio <strong>Ivo Blandina; <\/strong>rappresentanti delle associazioni di categoria Confcommercio, Confesercenti, Confindustria, Confartigianato; di Federalberghi, delle Agenzie di Viaggio e delle guide turistiche di Messina. <div id=\"div-gpt-ad-Messinaoggi.it-DSK-300x250-corpoart\" style=\"text-align:center;margin:0 auto;\"><\/div><\/p>\n\n\n\n<p>\u201c12mila presenze e 35mila pernottamenti in pi\u00f9 nell\u2019arco del triennio 2019\/2022 in Citt\u00e0, considerato lo stop causa pandemia, \u2013 ha dichiarato\u00a0il sindaco Basile \u2013 vuol dire che\u00a0Messina\u00a0comincia ad essere attenzionata\u00a0dal\u00a0turismo stanziale, al di l\u00e0 di quella fascia di vacanzieri legati al crocierismo, vuol dire che le strategie legate ad un\u2019accoglienza diversa sono utili nell\u2019ambito di un percorso di crescita gi\u00e0 avviato negli anni scorsi e che prosegue nell\u2019ottica di promuovere non il singolo evento bens\u00ec creare un vero e proprio sistema, al fine di dare una spinta alla ricerca di motivazioni autentiche per determinare il successo di una citt\u00e0 nello scenario delle destinazioni turistiche. Al di l\u00e0 dei numeri presentati oggi \u00e8 indispensabile fare rete &#8211; ha sottolineato il Sindaco &#8211; attraverso il coinvolgimento di tutti gli attori presenti sul nostro territorio, istituzionali e non, poich\u00e8 il valore turistico di una citt\u00e0 \u00e8 direttamente proporzionale all\u2019offerta che il luogo riesce ad offrire\u201d. Considerato poi il tema odierno di presentazione di dati turistici, il sindaco Basile ha ricordato il 32esimo posto della citt\u00e0 di Messina nella classifica stilata da Jetcost, relativa alle mete di vacanza scelte dagli italiani per il mese di luglio\u00a0attraverso la loro agenzia. <div id=\"videoincontent\" style=\"clear:both\";><\/div><\/p>\n\n\n\n<p>\u201cQuesta\u00a0posizione\u00a0soddisfacente che vede Messina precedere mete gettonate come Sorrento e Ischia auspico \u2013\u00a0ha evidenziato Basile &#8211; che\u00a0sia un input per procedere con quella marcia in pi\u00f9 necessaria per sviluppare il brand Messina, accrescendo il numero e la gamma dei servizi offerti, e sviluppare un\u2019offerta turistica in grado di mostrare le varie peculiarit\u00e0 del nostro territorio e l\u2019immagine di Messina, citt\u00e0 turistica a livello nazionale ed internazionale\u201d.<\/p>\n\n\n\n<p>E sui rapporti sinergici e collaborativi tra soggetti coinvolti con particolare riferimento agli eventi sin qui promossi dal Comune, il sindaco Basile ha colto l\u2019occasione per ringraziare tutti coloro che a vario titolo sovrintendono al corretto svolgimento delle manifestazioni, Prefetto, Questore, le Forze dell&#8217;Ordine e tutte le realt\u00e0 territoriali coinvolte, cui si sono uniti i ringraziamenti del direttore generale Puccio \u201cperch\u00e8 \u2013 ha aggiunto Puccio &#8211; organizzare eventi a scadenze brevi l\u2019uno dall\u2019altro in perfetta sinergia contribuisce a incrementare l\u2019indice di attrattivit\u00e0 di Messina e la sua immagine\u201d.<\/p>\n\n\n\n<p>A presentare il report relativo all\u2019analisi e all\u2019interpretazione grafica comparativa dei dati, lavoro curato dall\u2019assessore Caruso sul database fornito dall\u2019Osservatorio regionale turistico, \u00e8 stato direttamente l\u2019assessore con delega al Turismo e al Brand Messina il quale ha aperto il suo intervento con le parole dell\u2019attore Luca Zingaretti tratte da una intervista nella quale ha sottolineato \u201cdi essere sorpreso per avere trovato una Citt\u00e0 pi\u00f9 accogliente rispetto al 2014, anno in cui fu girato a Messina il film Il giudice meschino\u201d. Caruso ha poi spiegato che \u201cMessina si \u00e8 guadagnata con merito una vetrina importante nel panorama nazionale delle citt\u00e0 a destinazione turistica, con conseguente aumento della richiesta di camere e posti letto. I dati, riferiti al 2022 e che non comprendono l\u2019anno corrente ricco di eventi musicali e sportivi, possono incoraggiare quindi nuovi investitori per l\u2019apertura di altre strutture ricettive. Il settore turistico, collegato a quello culturale, genera la crescita del territorio e dell\u2019economia indotta. Si possono sviluppare inoltre nuove forme di turismo come quello balneare, ambientale\/escursionistico, culturale, convegnistico, scolastico, sportivo, religioso, camperistico e da diporto. Da considerare infine i margini di crescita per l\u2019accoglienza e l\u2019incoming attraverso la formazione del personale, i servizi alla mobilit\u00e0, gli orari di apertura e chiusura degli esercizi commerciali e la promozione degli eventi\u201d.<\/p>\n","protected":false},"excerpt":{"rendered":"<p>L\u2019azione strategica dell\u2019Amministrazione comunale rivolta al programma di sviluppo turistico della citt\u00e0 di Messina \u00e8\u00a0stata\u00a0il filo conduttore dell\u2019odierna conferenza stampa per la presentazione dei dati statistici numerici dei flussi turistici a Messina degli anni 2019 e 2022. All\u2019incontro con i giornalisti, presenti il sindaco Federico Basile, il direttore generale dell\u2019ente Salvo Puccio e l\u2019 assessore [&hellip;]<\/p>\n","protected":false},"author":15,"featured_media":125949,"comment_status":"open","ping_status":"open","sticky":false,"template":"","format":"standard","meta":{"ub_ctt_via":"","_mi_skip_tracking":false},"categories":[6],"tags":[1165,2972,30,5977,195],"featured_image_src":"https:\/\/www.messinaoggi.it\/website\/wp-content\/uploads\/2022\/10\/Palazzo-Zanca.jpg","author_info":{"display_name":"red.me","author_link":"https:\/\/www.messinaoggi.it\/website\/author\/red-me\/"},"digistream_id":0,"digistream":false,"_links":{"self":[{"href":"https:\/\/www.messinaoggi.it\/website\/wp-json\/wp\/v2\/posts\/161550"}],"collection":[{"href":"https:\/\/www.messinaoggi.it\/website\/wp-json\/wp\/v2\/posts"}],"about":[{"href":"https:\/\/www.messinaoggi.it\/website\/wp-json\/wp\/v2\/types\/post"}],"author":[{"embeddable":true,"href":"https:\/\/www.messinaoggi.it\/website\/wp-json\/wp\/v2\/users\/15"}],"replies":[{"embeddable":true,"href":"https:\/\/www.messinaoggi.it\/website\/wp-json\/wp\/v2\/comments?post=161550"}],"version-history":[{"count":1,"href":"https:\/\/www.messinaoggi.it\/website\/wp-json\/wp\/v2\/posts\/161550\/revisions"}],"predecessor-version":[{"id":161551,"href":"https:\/\/www.messinaoggi.it\/website\/wp-json\/wp\/v2\/posts\/161550\/revisions\/161551"}],"wp:featuredmedia":[{"embeddable":true,"href":"https:\/\/www.messinaoggi.it\/website\/wp-json\/wp\/v2\/media\/125949"}],"wp:attachment":[{"href":"https:\/\/www.messinaoggi.it\/website\/wp-json\/wp\/v2\/media?parent=161550"}],"wp:term":[{"taxonomy":"category","embeddable":true,"href":"https:\/\/www.messinaoggi.it\/website\/wp-json\/wp\/v2\/categories?post=161550"},{"taxonomy":"post_tag","embeddable":true,"href":"https:\/\/www.messinaoggi.it\/website\/wp-json\/wp\/v2\/tags?post=161550"}],"curies":[{"name":"wp","href":"https:\/\/api.w.org\/{rel}","templated":true}]}}