{"id":161505,"date":"2023-07-04T10:09:34","date_gmt":"2023-07-04T08:09:34","guid":{"rendered":"http:\/\/www.messinaoggi.it\/website\/?p=161505"},"modified":"2023-07-04T10:09:35","modified_gmt":"2023-07-04T08:09:35","slug":"a-20-il-dramma-dei-pendolari-condannati-alla-coda","status":"publish","type":"post","link":"https:\/\/www.messinaoggi.it\/website\/2023\/07\/04\/a-20-il-dramma-dei-pendolari-condannati-alla-coda\/","title":{"rendered":"A-20, il &#8220;dramma&#8221; dei pendolari: condannati alla coda"},"content":{"rendered":"\n<p>Un autentico &#8220;dramma&#8221; per il pendolari diretti nel capoluogo sulla A-20, in corrispondenza del restringimento della Telegrafo. La situazione \u00e8 ancor pi\u00f9 drammatica il luned\u00ec mattina, quando i numerosi pendolari diretti sul posto di lavoro sono costretti a sorbirsi, talvolta, ore di coda a causa del restringimento della carreggiata, dove peraltro sono stati aperti numerosi cantieri per il ripristino del tappetino d&#8217;asfalto.<div id=\"div-gpt-ad-Messinaoggi.it-DSK-300x250-corpoart\" style=\"text-align:center;margin:0 auto;\"><\/div><\/p>\n\n\n\n<figure class=\"wp-block-image size-large\"><img loading=\"lazy\" width=\"1024\" height=\"702\" src=\"http:\/\/www.messinaoggi.it\/website\/wp-content\/uploads\/2023\/07\/0-3-1024x702.jpg\" alt=\"\" class=\"wp-image-161508\" srcset=\"https:\/\/www.messinaoggi.it\/website\/wp-content\/uploads\/2023\/07\/0-3-1024x702.jpg 1024w, https:\/\/www.messinaoggi.it\/website\/wp-content\/uploads\/2023\/07\/0-3-300x206.jpg 300w, https:\/\/www.messinaoggi.it\/website\/wp-content\/uploads\/2023\/07\/0-3-768x527.jpg 768w, https:\/\/www.messinaoggi.it\/website\/wp-content\/uploads\/2023\/07\/0-3.jpg 1305w\" sizes=\"(max-width: 1024px) 100vw, 1024px\" \/><figcaption><strong>Il restringimento all&#8217;imbocco della Telegrafo<\/strong><\/figcaption><\/figure>\n\n\n\n<p>Il senatore Nino German\u00e0, la scorsa settimana, aveva puntato l&#8217;indice contro la gestione del Consorzio della Autostrade siciliane, e in modo particolare nei confronti di chi rappresenta l&#8217;Ente, ovvero Filippo Nasca, nominato dalla politica, per tentare di risolvere i problemi.<div id=\"videoincontent\" style=\"clear:both\";><\/div><\/p>\n\n\n\n<p>Al contrario, i problemi sono aumentati, sono stati aperti cantieri in piena estate, quando generalmente vengono chiusi. Ma Nasca ha tentato di mettere ordine alla comunicazione dell&#8217;Ente pagando un&#8217;azienda a &#8220;peso d&#8217;oro&#8221; (60 mila euro per tre mesi e la prospettiva di un appalto con pi\u00f9 ciccia), dopo averla scelta non si sa su quali basi. Si \u00e8 trattato di un affidamento diretto alla societ\u00e0 dell&#8217;editore di un giornale online che fa sponsorizza i suoi articoli su FB&#8230;<\/p>\n\n\n\n<figure class=\"wp-block-image size-large\"><img loading=\"lazy\" width=\"1024\" height=\"633\" src=\"http:\/\/www.messinaoggi.it\/website\/wp-content\/uploads\/2023\/07\/0-2-1024x633.jpg\" alt=\"\" class=\"wp-image-161507\" srcset=\"https:\/\/www.messinaoggi.it\/website\/wp-content\/uploads\/2023\/07\/0-2-1024x633.jpg 1024w, https:\/\/www.messinaoggi.it\/website\/wp-content\/uploads\/2023\/07\/0-2-300x186.jpg 300w, https:\/\/www.messinaoggi.it\/website\/wp-content\/uploads\/2023\/07\/0-2-768x475.jpg 768w, https:\/\/www.messinaoggi.it\/website\/wp-content\/uploads\/2023\/07\/0-2.jpg 1447w\" sizes=\"(max-width: 1024px) 100vw, 1024px\" \/><figcaption><strong>Lavori in corso sulla A-20 in piena estate<\/strong><\/figcaption><\/figure>\n\n\n\n<p>La gestione del Cas sta facendo acqua da tutte le parti e questa mattina ci sono giunte numerose segnalazioni di automobilisti imbufaliti.<\/p>\n\n\n\n<p>I problemi della Messina-Palermo sono inenarrabili: galleria Telegrafo ancora percorribile su una sola corsia dopo l&#8217;incendio del Tir alla vigilia dello scorso Natale; bretella dello svincolo di Boccetta non ancora terminata dopo ripetuti annunci; bypass Baglio pericolossissimo e tanto altro ancora.<\/p>\n","protected":false},"excerpt":{"rendered":"<p>Un autentico &#8220;dramma&#8221; per il pendolari diretti nel capoluogo sulla A-20, in corrispondenza del restringimento della Telegrafo. La situazione \u00e8 ancor pi\u00f9 drammatica il luned\u00ec mattina, quando i numerosi pendolari diretti sul posto di lavoro sono costretti a sorbirsi, talvolta, ore di coda a causa del restringimento della carreggiata, dove peraltro sono stati aperti numerosi [&hellip;]<\/p>\n","protected":false},"author":2,"featured_media":161514,"comment_status":"open","ping_status":"open","sticky":false,"template":"","format":"standard","meta":{"ub_ctt_via":"","_mi_skip_tracking":false},"categories":[19],"tags":[716,780,2883,1351],"featured_image_src":"https:\/\/www.messinaoggi.it\/website\/wp-content\/uploads\/2023\/07\/unnamed.jpg","author_info":{"display_name":"Redazione","author_link":"https:\/\/www.messinaoggi.it\/website\/author\/redazione\/"},"digistream_id":0,"digistream":false,"_links":{"self":[{"href":"https:\/\/www.messinaoggi.it\/website\/wp-json\/wp\/v2\/posts\/161505"}],"collection":[{"href":"https:\/\/www.messinaoggi.it\/website\/wp-json\/wp\/v2\/posts"}],"about":[{"href":"https:\/\/www.messinaoggi.it\/website\/wp-json\/wp\/v2\/types\/post"}],"author":[{"embeddable":true,"href":"https:\/\/www.messinaoggi.it\/website\/wp-json\/wp\/v2\/users\/2"}],"replies":[{"embeddable":true,"href":"https:\/\/www.messinaoggi.it\/website\/wp-json\/wp\/v2\/comments?post=161505"}],"version-history":[{"count":1,"href":"https:\/\/www.messinaoggi.it\/website\/wp-json\/wp\/v2\/posts\/161505\/revisions"}],"predecessor-version":[{"id":161516,"href":"https:\/\/www.messinaoggi.it\/website\/wp-json\/wp\/v2\/posts\/161505\/revisions\/161516"}],"wp:featuredmedia":[{"embeddable":true,"href":"https:\/\/www.messinaoggi.it\/website\/wp-json\/wp\/v2\/media\/161514"}],"wp:attachment":[{"href":"https:\/\/www.messinaoggi.it\/website\/wp-json\/wp\/v2\/media?parent=161505"}],"wp:term":[{"taxonomy":"category","embeddable":true,"href":"https:\/\/www.messinaoggi.it\/website\/wp-json\/wp\/v2\/categories?post=161505"},{"taxonomy":"post_tag","embeddable":true,"href":"https:\/\/www.messinaoggi.it\/website\/wp-json\/wp\/v2\/tags?post=161505"}],"curies":[{"name":"wp","href":"https:\/\/api.w.org\/{rel}","templated":true}]}}