{"id":161333,"date":"2023-07-02T10:07:54","date_gmt":"2023-07-02T08:07:54","guid":{"rendered":"https:\/\/www.messinaoggi.it\/website\/2023\/07\/02\/tajani-il-ministro-piu-citato-su-radio-e-tv-negli-ultimi-3-mesi\/"},"modified":"2023-07-02T15:16:28","modified_gmt":"2023-07-02T13:16:28","slug":"tajani-il-ministro-piu-citato-su-radio-e-tv-negli-ultimi-3-mesi","status":"publish","type":"post","link":"https:\/\/www.messinaoggi.it\/website\/2023\/07\/02\/tajani-il-ministro-piu-citato-su-radio-e-tv-negli-ultimi-3-mesi\/","title":{"rendered":"Tajani il ministro pi\u00f9 citato su radio e tv negli ultimi 3 mesi"},"content":{"rendered":"<div>ROMA (ITALPRESS) &#8211; L&#8217;intensa attivit\u00e0 diplomatica tra il conflitto in Ucraina e i rapporti con l&#8217;Ue, da un lato, e la gestione di Forza Italia dopo la scomparsa di Silvio Berlusconi, dall&#8217;altro, rendono il vicepremier e ministro degli Esteri Antonio Tajani, il membro del Governo pi\u00f9 presente sulle radio e sulle tv italiane negli ultimi 3 mesi, con 4.504 citazioni.<br \/>Il dato emerge dal monitoraggio sui principali canali televisivi e radiofonici, nazionali e locali, svolto da Mediamonitor.it, piattaforma che utilizza tecnologia e soluzioni sviluppate da Cedat 85, azienda attiva da oltre 35 anni nella fornitura dei contenuti provenienti dal parlato. Mediamonitor.it ha analizzato qual \u00e8 stata, dalla mezzanotte di marted\u00ec 11 aprile a venerd\u00ec 30 giugno, la visibilit\u00e0 dei membri dell&#8217;Esecutivo.<br \/>La medaglia d&#8217;argento va al ministro per gli Affari europei Raffaele Fitto (3.735 menzioni), titolare della delega al PNRR che anima da mesi il dibattito politico interno e con la Commissione Europea. Con 3.155 citazioni la terza piazza spetta al ministro dell&#8217;Economia Giancarlo Giorgetti, anche lui al centro delle vicende riguardanti il PNRR, ma anche della discussione intorno alla ratifica del Mes e del recente accordo Ita- Lufthansa.<br \/>Appena sotto il podio troviamo il ministro dell&#8217;Interno Matteo Piantedosi (2.800), sempre fra i protagonisti del dibattito per la gestione della crisi migratoria e le trattative intorno al nuovo Patto europeo sulla migrazione e sull&#8217;asilo. Chiude la &#8220;top five&#8221; ministeriale, Matteo Salvini, ministro delle Infrastrutture, con 2.591 menzioni negli ultimi 80 giorni.<br \/>Nonostante l&#8217;acceso dibattito sulla sua proposta di riforma della giustizia, il Guardasigilli Carlo Nordio si posiziona sesto (2.149 menzioni) nella classifica di visibilit\u00e0 mediatica. Settima posizione per il ministro dell&#8217;Istruzione Giuseppe Valditara le cui misure antibullismo, come la riforma del voto in condotta, hanno destato l&#8217;interesse delle radio e tv italiane con 1.577 citazioni raccolte dall&#8217;11 aprile scorso. Seguono il titolare della Difesa Guido Crosetto (1.421) e il ministro per la Protezione civile Nello Musumeci (1380).<br \/>Raggiunge la decima piazza (1.375) il ministro dell&#8217;Agricoltura Francesco Lollobrigida, che fa parlare di s\u00e8 per la sua difesa delle produzioni agroalimentari made in Italy e per le dichiarazioni sulla &#8220;sostituzione etnica&#8221; che hanno accesso lo scontro politico.<br \/>Nelle ultime posizioni, secondo il monitoraggio di Mediamonitor.it, si trovano, con 242 menzioni, il ministro per la Pubblica amministrazione Paolo Zangrillo e la ministra per le Riforme istituzionali ed ex presidente del Senato Maria Elisabetta Alberti Casellati (170).<br \/>Chiude all&#8217;ultimo posto, con appena 49 citazioni negli ultimi 3 mesi, la ministra per le disabilit\u00e0 Alessandra Locatelli.<div id=\"div-gpt-ad-Messinaoggi.it-DSK-300x250-corpoart\" style=\"text-align:center;margin:0 auto;\"><\/div><\/p>\n<p>&#8211; foto ufficio stampa SecNewgate &#8211;<br \/>(ITALPRESS).<\/div>\n<div id=\"videoincontent\" style=\"clear:both\";><\/div>","protected":false},"excerpt":{"rendered":"<p>ROMA (ITALPRESS) &#8211; L&#8217;intensa attivit\u00e0 diplomatica tra il conflitto in Ucraina e i rapporti con l&#8217;Ue, da un lato, e la gestione di Forza Italia dopo la scomparsa di Silvio Berlusconi, dall&#8217;altro, rendono il vicepremier e ministro degli Esteri Antonio Tajani, il membro del Governo pi\u00f9 presente sulle radio e sulle tv italiane negli ultimi [&hellip;]<\/p>\n","protected":false},"author":18,"featured_media":161334,"comment_status":"closed","ping_status":"closed","sticky":false,"template":"","format":"standard","meta":{"ub_ctt_via":"","_mi_skip_tracking":false},"categories":[446,4],"tags":[783],"featured_image_src":"https:\/\/www.messinaoggi.it\/website\/wp-content\/uploads\/2023\/07\/20230702_0047.jpg","author_info":{"display_name":"Admin","author_link":"https:\/\/www.messinaoggi.it\/website\/author\/admin\/"},"digistream_id":0,"digistream":false,"_links":{"self":[{"href":"https:\/\/www.messinaoggi.it\/website\/wp-json\/wp\/v2\/posts\/161333"}],"collection":[{"href":"https:\/\/www.messinaoggi.it\/website\/wp-json\/wp\/v2\/posts"}],"about":[{"href":"https:\/\/www.messinaoggi.it\/website\/wp-json\/wp\/v2\/types\/post"}],"author":[{"embeddable":true,"href":"https:\/\/www.messinaoggi.it\/website\/wp-json\/wp\/v2\/users\/18"}],"replies":[{"embeddable":true,"href":"https:\/\/www.messinaoggi.it\/website\/wp-json\/wp\/v2\/comments?post=161333"}],"version-history":[{"count":1,"href":"https:\/\/www.messinaoggi.it\/website\/wp-json\/wp\/v2\/posts\/161333\/revisions"}],"predecessor-version":[{"id":161344,"href":"https:\/\/www.messinaoggi.it\/website\/wp-json\/wp\/v2\/posts\/161333\/revisions\/161344"}],"wp:featuredmedia":[{"embeddable":true,"href":"https:\/\/www.messinaoggi.it\/website\/wp-json\/wp\/v2\/media\/161334"}],"wp:attachment":[{"href":"https:\/\/www.messinaoggi.it\/website\/wp-json\/wp\/v2\/media?parent=161333"}],"wp:term":[{"taxonomy":"category","embeddable":true,"href":"https:\/\/www.messinaoggi.it\/website\/wp-json\/wp\/v2\/categories?post=161333"},{"taxonomy":"post_tag","embeddable":true,"href":"https:\/\/www.messinaoggi.it\/website\/wp-json\/wp\/v2\/tags?post=161333"}],"curies":[{"name":"wp","href":"https:\/\/api.w.org\/{rel}","templated":true}]}}