{"id":161326,"date":"2023-07-02T09:07:54","date_gmt":"2023-07-02T07:07:54","guid":{"rendered":"https:\/\/www.messinaoggi.it\/website\/2023\/07\/02\/salvini-al-governo-in-europa-con-tutto-il-centrodestra-unito\/"},"modified":"2023-07-02T09:07:54","modified_gmt":"2023-07-02T07:07:54","slug":"salvini-al-governo-in-europa-con-tutto-il-centrodestra-unito","status":"publish","type":"post","link":"https:\/\/www.messinaoggi.it\/website\/2023\/07\/02\/salvini-al-governo-in-europa-con-tutto-il-centrodestra-unito\/","title":{"rendered":"Salvini \u201cAl governo in Europa con tutto il centrodestra unito\u201d"},"content":{"rendered":"<div>ROMA (ITALPRESS) &#8211; &#8220;Siamo certi che a Bruxelles serva una maggioranza chiaramente di centrodestra. Non posso credere che, tra i nostri alleati ed elettori, ci sia qualcuno che preferisca le sinistre o Macron al centrodestra unito. Escludere qualcuno a priori dall&#8217;alleanza di centrodestra \u00e8 miope. Il vento \u00e8 chiaro e le elezioni europee saranno decisive. Non vanno riaperte le porte ai socialisti e a una maggioranza Ursula, con Pd e 5 Stelle&#8221;.<br \/>Cos\u00ec, in un&#8217;intervista al Corriere della Sera, il ministro e leader della Lega Matteo Salvini. Sulla prospettiva di un&#8217;alleanza tra popolari, conservatori e liberali auspicata da Tajani dice: &#8220;mi sembra sorprendente auspicare un&#8217;alleanza con chi ci ha attaccato duramente e senza motivo. Io sono impegnato per unire tutto il centrodestra, l&#8217;unit\u00e0 delle nostre famiglie politiche, che hanno solide radici valoriali comuni, va costruita a ogni costo: \u00e8 una delle eredit\u00e0 di Silvio Berlusconi. Proprio Silvio si \u00e8 sempre rivolto anche alla grande famiglia liberale, ben diversa dai liberal di Macron. Un&#8217;alleanza tra conservatori, liberali, cristiani e federalisti \u00e8 nella logica delle cose&#8221;.<br \/>Quindi l&#8217;alleanza di governo, secondo Salvini, vedrebbe &#8220;tutto il centrodestra unito, senza i socialisti. La sfida \u00e8 questa: evitare a tutti i costi che la sinistra possa restare nel governo europeo dopo tutti i danni e gli scandali. Sono certo che tutti i partiti della maggioranza, a partire da Fratelli d&#8217;Italia e Forza Italia, condividano l&#8217;obiettivo. Sono pronto a proporre un patto scritto, prima del voto: niente compromessi con la sinistra&#8221;. <br \/>(ITALPRESS).<br \/>-foto agenziafotogramma.it-<\/div>\n<div id=\"div-gpt-ad-Messinaoggi.it-DSK-300x250-corpoart\" style=\"text-align:center;margin:0 auto;\"><\/div><\/p><div id=\"videoincontent\" style=\"clear:both\";><\/div>","protected":false},"excerpt":{"rendered":"<p>ROMA (ITALPRESS) &#8211; &#8220;Siamo certi che a Bruxelles serva una maggioranza chiaramente di centrodestra. Non posso credere che, tra i nostri alleati ed elettori, ci sia qualcuno che preferisca le sinistre o Macron al centrodestra unito. Escludere qualcuno a priori dall&#8217;alleanza di centrodestra \u00e8 miope. Il vento \u00e8 chiaro e le elezioni europee saranno decisive. [&hellip;]<\/p>\n","protected":false},"author":18,"featured_media":161327,"comment_status":"closed","ping_status":"closed","sticky":false,"template":"","format":"standard","meta":{"ub_ctt_via":"","_mi_skip_tracking":false},"categories":[446],"tags":[783],"featured_image_src":"https:\/\/www.messinaoggi.it\/website\/wp-content\/uploads\/2023\/07\/20230702_0040.jpg","author_info":{"display_name":"Admin","author_link":"https:\/\/www.messinaoggi.it\/website\/author\/admin\/"},"digistream_id":0,"digistream":false,"_links":{"self":[{"href":"https:\/\/www.messinaoggi.it\/website\/wp-json\/wp\/v2\/posts\/161326"}],"collection":[{"href":"https:\/\/www.messinaoggi.it\/website\/wp-json\/wp\/v2\/posts"}],"about":[{"href":"https:\/\/www.messinaoggi.it\/website\/wp-json\/wp\/v2\/types\/post"}],"author":[{"embeddable":true,"href":"https:\/\/www.messinaoggi.it\/website\/wp-json\/wp\/v2\/users\/18"}],"replies":[{"embeddable":true,"href":"https:\/\/www.messinaoggi.it\/website\/wp-json\/wp\/v2\/comments?post=161326"}],"version-history":[{"count":0,"href":"https:\/\/www.messinaoggi.it\/website\/wp-json\/wp\/v2\/posts\/161326\/revisions"}],"wp:featuredmedia":[{"embeddable":true,"href":"https:\/\/www.messinaoggi.it\/website\/wp-json\/wp\/v2\/media\/161327"}],"wp:attachment":[{"href":"https:\/\/www.messinaoggi.it\/website\/wp-json\/wp\/v2\/media?parent=161326"}],"wp:term":[{"taxonomy":"category","embeddable":true,"href":"https:\/\/www.messinaoggi.it\/website\/wp-json\/wp\/v2\/categories?post=161326"},{"taxonomy":"post_tag","embeddable":true,"href":"https:\/\/www.messinaoggi.it\/website\/wp-json\/wp\/v2\/tags?post=161326"}],"curies":[{"name":"wp","href":"https:\/\/api.w.org\/{rel}","templated":true}]}}