{"id":161289,"date":"2023-07-01T16:55:29","date_gmt":"2023-07-01T14:55:29","guid":{"rendered":"http:\/\/www.messinaoggi.it\/website\/?p=161289"},"modified":"2023-07-01T16:55:31","modified_gmt":"2023-07-01T14:55:31","slug":"carbone-fdi-contro-lordinanza-anti-movida","status":"publish","type":"post","link":"https:\/\/www.messinaoggi.it\/website\/2023\/07\/01\/carbone-fdi-contro-lordinanza-anti-movida\/","title":{"rendered":"Carbone (FdI) contro l&#8217;ordinanza anti-movida"},"content":{"rendered":"\n<p>\u201cEstate nuova, problemi vecchi. Ho appreso dai giornali che \u00e8 stata varata una nuova ordinanza anti-movida varata dall\u2019Amministrazione Comunale che modifica e sostituisce quella emessa meno di un mese fa che era stata concertata con le categorie produttive interessate.<div id=\"div-gpt-ad-Messinaoggi.it-DSK-300x250-corpoart\" style=\"text-align:center;margin:0 auto;\"><\/div><\/p>\n\n\n\n<p> Stento a comprendere come l\u2019Amministrazione possa emettere provvedimenti del genere cambiando le carte in tavola senza considerare gli investimenti posti in essere dagli imprenditori di un settore che \u00e8 stagionale e che da lavoro a centinaia di giovani. <div id=\"videoincontent\" style=\"clear:both\";><\/div><\/p>\n\n\n\n<p>Continuiamo ad andare in direzione contraria rispetto alle localit\u00e0 turistiche e balneari anche della nostra stessa provincia\u201d ha dichiarato il Consigliere Comunale di Fratelli d\u2019Italia <strong>Dario Carbone. <\/strong> <\/p>\n\n\n\n<p>\u201cRicordo a me stesso che anche lo scorso anno l\u2019Amministrazione Basile ha ritenuto di modificare le regole del gioco in corso d\u2019opera e fui tra i primi a chiedere un deciso cambio di rotta. A seguito della levata di scudi di centinaia di giovani messinesi si riusc\u00ec a trovare un punto d\u2019incontro ma non \u00e8 possibile passare sopra annualmente a degli errori marchiani.\u201d continua Carbone.<\/p>\n\n\n\n<p> \u201cNon posso che contestare questa scelta anche alla luce del fatto che n\u00e9 il Consiglio Comunale n\u00e9 la Commissione Consiliare che si occupa di attivit\u00e0 produttive sono stati interpellati prima dell\u2019emissione del provvedimento. Addirittura ho appreso che anche le Associazioni di categoria &#8211; molto spesso coinvolte nell\u2019iter decisionale dell\u2019Amministrazione molto pi\u00f9 del Civico Consesso &#8211; abbiano appreso della notizia come un fulmine a ciel sereno.\u201d conclude il Consigliere Comunale di Fratelli d\u2019Italia. <\/p>\n","protected":false},"excerpt":{"rendered":"<p>\u201cEstate nuova, problemi vecchi. Ho appreso dai giornali che \u00e8 stata varata una nuova ordinanza anti-movida varata dall\u2019Amministrazione Comunale che modifica e sostituisce quella emessa meno di un mese fa che era stata concertata con le categorie produttive interessate. Stento a comprendere come l\u2019Amministrazione possa emettere provvedimenti del genere cambiando le carte in tavola senza [&hellip;]<\/p>\n","protected":false},"author":15,"featured_media":131907,"comment_status":"open","ping_status":"open","sticky":false,"template":"","format":"standard","meta":{"ub_ctt_via":"","_mi_skip_tracking":false},"categories":[6],"tags":[3756,2972,1475,8219],"featured_image_src":"https:\/\/www.messinaoggi.it\/website\/wp-content\/uploads\/2022\/11\/293832587_10224893633722251_3771340928836824828_n-e1669711378750.jpg","author_info":{"display_name":"red.me","author_link":"https:\/\/www.messinaoggi.it\/website\/author\/red-me\/"},"digistream_id":0,"digistream":false,"_links":{"self":[{"href":"https:\/\/www.messinaoggi.it\/website\/wp-json\/wp\/v2\/posts\/161289"}],"collection":[{"href":"https:\/\/www.messinaoggi.it\/website\/wp-json\/wp\/v2\/posts"}],"about":[{"href":"https:\/\/www.messinaoggi.it\/website\/wp-json\/wp\/v2\/types\/post"}],"author":[{"embeddable":true,"href":"https:\/\/www.messinaoggi.it\/website\/wp-json\/wp\/v2\/users\/15"}],"replies":[{"embeddable":true,"href":"https:\/\/www.messinaoggi.it\/website\/wp-json\/wp\/v2\/comments?post=161289"}],"version-history":[{"count":1,"href":"https:\/\/www.messinaoggi.it\/website\/wp-json\/wp\/v2\/posts\/161289\/revisions"}],"predecessor-version":[{"id":161290,"href":"https:\/\/www.messinaoggi.it\/website\/wp-json\/wp\/v2\/posts\/161289\/revisions\/161290"}],"wp:featuredmedia":[{"embeddable":true,"href":"https:\/\/www.messinaoggi.it\/website\/wp-json\/wp\/v2\/media\/131907"}],"wp:attachment":[{"href":"https:\/\/www.messinaoggi.it\/website\/wp-json\/wp\/v2\/media?parent=161289"}],"wp:term":[{"taxonomy":"category","embeddable":true,"href":"https:\/\/www.messinaoggi.it\/website\/wp-json\/wp\/v2\/categories?post=161289"},{"taxonomy":"post_tag","embeddable":true,"href":"https:\/\/www.messinaoggi.it\/website\/wp-json\/wp\/v2\/tags?post=161289"}],"curies":[{"name":"wp","href":"https:\/\/api.w.org\/{rel}","templated":true}]}}