{"id":161263,"date":"2023-07-01T11:07:58","date_gmt":"2023-07-01T09:07:58","guid":{"rendered":"https:\/\/www.messinaoggi.it\/website\/2023\/07\/01\/tajani-sulle-migrazioni-serve-un-piano-marshall-europeo\/"},"modified":"2023-07-01T20:09:32","modified_gmt":"2023-07-01T18:09:32","slug":"tajani-sulle-migrazioni-serve-un-piano-marshall-europeo","status":"publish","type":"post","link":"https:\/\/www.messinaoggi.it\/website\/2023\/07\/01\/tajani-sulle-migrazioni-serve-un-piano-marshall-europeo\/","title":{"rendered":"Tajani \u201cSulle migrazioni serve un Piano Marshall europeo\u201d"},"content":{"rendered":"<div>ROMA (ITALPRESS) &#8211; Sulle migrazioni serve un &#8220;piano Marshall europeo, ma anche un lavoro forte&#8221; dell&#8217;Ue. Lo ha sottolineato il ministro degli Esteri, Antonio Tajani, a &#8220;Caff\u00e8 Europa&#8221; su Radio1 Rai.<br \/>&#8220;L&#8217;Italia &#8211; ha aggiunto &#8211; non pu\u00f2 certamente essere il Paese dove arrivano i migranti, poi costretto a tenerli tutti&#8221;.<br \/>Il risultato pi\u00f9 concreto del Consiglio Ue, ha evidenziato &#8220;\u00e8 sulla Tunisia, da dove partono molti migranti&#8221;. Ma il resto non \u00e8 positivo &#8220;perch\u00e8 Polonia e Ungheria non hanno votato la parte nel documento che andava nella direzione giusta. Mi auguro che l&#8217;intesa arrivi prima possibile&#8221;.<br \/>credit photo agenziafotogramma.it<br \/>(ITALPRESS).<\/div>\n<div id=\"div-gpt-ad-Messinaoggi.it-DSK-300x250-corpoart\" style=\"text-align:center;margin:0 auto;\"><\/div><\/p><div id=\"videoincontent\" style=\"clear:both\";><\/div>","protected":false},"excerpt":{"rendered":"<p>ROMA (ITALPRESS) &#8211; Sulle migrazioni serve un &#8220;piano Marshall europeo, ma anche un lavoro forte&#8221; dell&#8217;Ue. Lo ha sottolineato il ministro degli Esteri, Antonio Tajani, a &#8220;Caff\u00e8 Europa&#8221; su Radio1 Rai.&#8220;L&#8217;Italia &#8211; ha aggiunto &#8211; non pu\u00f2 certamente essere il Paese dove arrivano i migranti, poi costretto a tenerli tutti&#8221;.Il risultato pi\u00f9 concreto del Consiglio [&hellip;]<\/p>\n","protected":false},"author":18,"featured_media":161264,"comment_status":"closed","ping_status":"closed","sticky":false,"template":"","format":"standard","meta":{"ub_ctt_via":"","_mi_skip_tracking":false},"categories":[446,4],"tags":[783],"featured_image_src":"https:\/\/www.messinaoggi.it\/website\/wp-content\/uploads\/2023\/07\/20230701_0127.jpg","author_info":{"display_name":"Admin","author_link":"https:\/\/www.messinaoggi.it\/website\/author\/admin\/"},"digistream_id":0,"digistream":false,"_links":{"self":[{"href":"https:\/\/www.messinaoggi.it\/website\/wp-json\/wp\/v2\/posts\/161263"}],"collection":[{"href":"https:\/\/www.messinaoggi.it\/website\/wp-json\/wp\/v2\/posts"}],"about":[{"href":"https:\/\/www.messinaoggi.it\/website\/wp-json\/wp\/v2\/types\/post"}],"author":[{"embeddable":true,"href":"https:\/\/www.messinaoggi.it\/website\/wp-json\/wp\/v2\/users\/18"}],"replies":[{"embeddable":true,"href":"https:\/\/www.messinaoggi.it\/website\/wp-json\/wp\/v2\/comments?post=161263"}],"version-history":[{"count":1,"href":"https:\/\/www.messinaoggi.it\/website\/wp-json\/wp\/v2\/posts\/161263\/revisions"}],"predecessor-version":[{"id":161318,"href":"https:\/\/www.messinaoggi.it\/website\/wp-json\/wp\/v2\/posts\/161263\/revisions\/161318"}],"wp:featuredmedia":[{"embeddable":true,"href":"https:\/\/www.messinaoggi.it\/website\/wp-json\/wp\/v2\/media\/161264"}],"wp:attachment":[{"href":"https:\/\/www.messinaoggi.it\/website\/wp-json\/wp\/v2\/media?parent=161263"}],"wp:term":[{"taxonomy":"category","embeddable":true,"href":"https:\/\/www.messinaoggi.it\/website\/wp-json\/wp\/v2\/categories?post=161263"},{"taxonomy":"post_tag","embeddable":true,"href":"https:\/\/www.messinaoggi.it\/website\/wp-json\/wp\/v2\/tags?post=161263"}],"curies":[{"name":"wp","href":"https:\/\/api.w.org\/{rel}","templated":true}]}}