{"id":161253,"date":"2023-07-01T09:07:56","date_gmt":"2023-07-01T07:07:56","guid":{"rendered":"https:\/\/www.messinaoggi.it\/website\/2023\/07\/01\/schlein-uniti-sul-salario-minimo-questo-governo-ci-isola-in-europa\/"},"modified":"2023-07-01T09:07:56","modified_gmt":"2023-07-01T07:07:56","slug":"schlein-uniti-sul-salario-minimo-questo-governo-ci-isola-in-europa","status":"publish","type":"post","link":"https:\/\/www.messinaoggi.it\/website\/2023\/07\/01\/schlein-uniti-sul-salario-minimo-questo-governo-ci-isola-in-europa\/","title":{"rendered":"Schlein \u201cUniti sul salario minimo, questo Governo ci isola in Europa\u201d"},"content":{"rendered":"<div>ROMA (ITALPRESS) &#8211; Il Governo &#8220;ci sta isolando in Europa&#8221; e nel Paese sta &#8220;abbandonando i lavoratori poveri&#8221; nella morsa dell&#8217;inflazione. A sostenerlo in un colloquio con Repubblica \u00e8 la segretaria del Pd, Elly Schlein, che fa del salario minimo la sua prima scommessa politica. &#8220;La ritengo importante, oltre che di sinistra, perch\u00e8 il Paese \u00e8 segnato da enormi sacche di lavoro povero, sottopagato, disconosciuto, mortificato &#8211; spiega -. Parliamo di tre milioni di italiani indigenti bench\u00e8, sulla carta, dotati di un impiego. Sono quei lavoratori che il governo Meloni sceglie di non vedere, si ostina a cancellare. Il decreto Lavoro, varato il Primo maggio, estende i contratti a termine e i voucher, ma archivia il reddito di cittadinanza che si era rivelato in questi anni uno strumento fondamentale per affrontare l&#8217;impoverimento progressivo. Il 20 per cento di chi lo prende \u00e8 povero anche se lavora. Grazie a Giorgia Meloni perderanno questo supporto&#8221;. &#8220;La nostra &#8211; aggiunge &#8211; \u00e8 una risposta forte delle opposizioni, che intanto fanno valere il principio per cui sotto una certa soglia non \u00e8 pi\u00f9 lavoro ma \u00e8 sfruttamento, \u00e8 povert\u00e0, appunto. Non \u00e8 solo una proposta sul salario minimo, perch\u00e8 rafforza la contrattazione collettiva e estende la retribuzione del contratto pi\u00f9 rappresentativo a tutti i lavoratori del settore. Fissa una soglia minima di nove euro all&#8217;ora sotto la quale non si pu\u00f2 andare. Per noi lavoro e povero non devono pi\u00f9 stare nella stessa frase&#8221;. Secondo Elly Schlein &#8220;\u00e8 importante&#8221; che il governo Meloni tenga conto di questa proposta &#8220;intanto, perch\u00e8 non \u00e8 una proposta velleitaria o strumentale ma un progetto avanzato da tutte le forze politiche che rappresentano l&#8217;altra met\u00e0 degli italiani, quella che non ha votato centrodestra. Ma soprattutto, per l&#8217;obiettivo che si propone: far fronte al peso dell&#8217;inflazione che grava su moltissime famiglie, erodendone il potere di acquisto e creando sacche enormi di nuova povert\u00e0. Meloni e il suo governo non possono girarsi dall&#8217;altra parte&#8221;. &#8220;Abbiamo insistito perch\u00e8 si lavorasse in modo condiviso &#8211; sottolinea -. Alla fine, la proposta sar\u00e0 firmata e depositata da M5S, Pd, Azione, Sinistra italiana, Verdi e +Europa. Ci siamo sentiti con gli altri leader, ci sono state riunioni congiunte tra i dirigenti e i parlamentari competenti in materia, per noi la responsabile lavoro Cecilia Guerra. Loro hanno portato a termine la stesura del testo. Un metodo che funziona. Lo ritengo davvero un buon inizio&#8221;.<br \/>In merito al Mes, &#8220;questo \u00e8 il governo dei rinvii e dello scaricabarile &#8211; dice -. Non si era mai vista una maggioranza che diserta in massa una seduta parlamentare dedicata alla ratifica di un delicato trattato internazionale, lasciando la sola opposizione in aula a votarla. Ratificare il Mes non significa chiedere l&#8217;attivazione di quello strumento, sono due cose diverse. Ma la propaganda e le fake news di Salvini e Meloni oggi si scontrano con la realt\u00e0. L&#8217;Europa sta attendendo i palleggi di un&#8217;Italia prigioniera della campagnaideologica della destra al potere. Questo \u00e8 un fatto molto grave, l&#8217;impressione che ho e che corriamo rischi molto seri&#8221;.<br \/>Sui migranti &#8220;purtroppo &#8211; aggiunge &#8211; siamo isolati e lo saremo sempre di pi\u00f9, se Giorgia Meloni continua a scegliere gli amici sbagliati. Oggi voltano le spalle alla premier Orb\u00e0n e Morawiecki, gli alleati nazionalisti. Poco male, se non fosse che a pagare le conseguenze sar\u00e0 l&#8217;intero Paese. Del resto, quando ci siamo battuti per modificare il Trattato di Dublino loro erano sul fronte opposto. E oggi che la premier si appresta adaccettare un compromesso al ribasso, che non cancella il criterio del primo Paese d&#8217;accesso che lascia maggiori responsabilit\u00e0 sull&#8217;accoglienza all&#8217;Italia, gli amici dell&#8217;Est la mollano. C&#8217;\u00e8 sempre qualcuno pi\u00f9 sovranista di te che fa gli interessi del suo Paese a discapito del tuo. Non \u00e8 questa la solidariet\u00e0 europea&#8221;.<br \/>E per quanto riguarda le sorti del Pnrr, &#8220;sono preoccupata &#8211; afferma -. I tentennamenti del governo rischiano di far perdere un&#8217;occasione storica all&#8217;Italia per ammodernare il Paese, per realizzare la trasformazione digitale, per affrontare la conversione ecologica e, a conti fatti, per ridurre le diseguaglianze. Da mesi il governo non comunica nemmeno le modifiche che intende sottoporre a Bruxelles. Io credo che stiano perdendo tempo perch\u00e8 non condividono le finalit\u00e0 di questo piano e sarebbe un fatto gravissimo se fallissimo gli obiettivi&#8221;.<br \/>Poi, in merito alla vicenda Santanch\u00e8, sottolinea: &#8220;Sono emerse da alcune inchieste giornalistiche delle vicende gravissime, secondo cui le societ\u00e0 che fanno capo alla ministra Santanch\u00e8 non pagavano dipendenti, i fornitori, licenziavano senza tfr. E il Pd ha scoperto un debito con lo Stato per 2,7 milioni di euro. Ora ne risponder\u00e0 in Parlamento. Ma ci sono ministri che si sono dimessi per molto meno. Quale sia l&#8217;esito inevitabile di questa vicenda, per il Pd, \u00e8 molto chiaro&#8221;.<br \/>Nel colloquio Elly Schlein parla anche della &#8220;estate militante&#8221;, della &#8220;dieci proposte per un piano casa nazionale che finora \u00e8 mancato all&#8217;Italia&#8221;. &#8220;Quando siamo arrivati il Pd era fermo al 15 per cento. In due mesi lo abbiamo riportato sopra il 20. Non faccio politica e non compio scelte guardando tutti i giorni i sondaggi. Mi preoccupa piuttosto la massa sempre pi\u00f9 consistente di persone che non nutre pi\u00f9 alcuna fiducia nella politica e rinuncia al voto. Per me la politica non \u00e8 competizione con le altre forze di opposizione, ma lottare giorno per giorno per riconquistare la fiducia di chi ci ha rinunciato a votare perch\u00e8 non crede pi\u00f9 che la politica serva a migliorare la propria vita.<br \/>Gli elettori torneranno a scommettere su di noi e il Partito democratico se ne far\u00e0 interprete per guidare un governo che abbia rispetto per i diritti, per il lavoro, per il clima e per l&#8217;eguaglianza tra tutti i cittadini&#8221;.<br \/>credit photo agenziafotogramma.it<br \/>(ITALPRESS).<\/div>\n<div id=\"div-gpt-ad-Messinaoggi.it-DSK-300x250-corpoart\" style=\"text-align:center;margin:0 auto;\"><\/div><\/p><div id=\"videoincontent\" style=\"clear:both\";><\/div>","protected":false},"excerpt":{"rendered":"<p>ROMA (ITALPRESS) &#8211; Il Governo &#8220;ci sta isolando in Europa&#8221; e nel Paese sta &#8220;abbandonando i lavoratori poveri&#8221; nella morsa dell&#8217;inflazione. A sostenerlo in un colloquio con Repubblica \u00e8 la segretaria del Pd, Elly Schlein, che fa del salario minimo la sua prima scommessa politica. &#8220;La ritengo importante, oltre che di sinistra, perch\u00e8 il Paese [&hellip;]<\/p>\n","protected":false},"author":18,"featured_media":161254,"comment_status":"closed","ping_status":"closed","sticky":false,"template":"","format":"standard","meta":{"ub_ctt_via":"","_mi_skip_tracking":false},"categories":[446],"tags":[783],"featured_image_src":"https:\/\/www.messinaoggi.it\/website\/wp-content\/uploads\/2023\/07\/20230701_0055.jpg","author_info":{"display_name":"Admin","author_link":"https:\/\/www.messinaoggi.it\/website\/author\/admin\/"},"digistream_id":0,"digistream":false,"_links":{"self":[{"href":"https:\/\/www.messinaoggi.it\/website\/wp-json\/wp\/v2\/posts\/161253"}],"collection":[{"href":"https:\/\/www.messinaoggi.it\/website\/wp-json\/wp\/v2\/posts"}],"about":[{"href":"https:\/\/www.messinaoggi.it\/website\/wp-json\/wp\/v2\/types\/post"}],"author":[{"embeddable":true,"href":"https:\/\/www.messinaoggi.it\/website\/wp-json\/wp\/v2\/users\/18"}],"replies":[{"embeddable":true,"href":"https:\/\/www.messinaoggi.it\/website\/wp-json\/wp\/v2\/comments?post=161253"}],"version-history":[{"count":0,"href":"https:\/\/www.messinaoggi.it\/website\/wp-json\/wp\/v2\/posts\/161253\/revisions"}],"wp:featuredmedia":[{"embeddable":true,"href":"https:\/\/www.messinaoggi.it\/website\/wp-json\/wp\/v2\/media\/161254"}],"wp:attachment":[{"href":"https:\/\/www.messinaoggi.it\/website\/wp-json\/wp\/v2\/media?parent=161253"}],"wp:term":[{"taxonomy":"category","embeddable":true,"href":"https:\/\/www.messinaoggi.it\/website\/wp-json\/wp\/v2\/categories?post=161253"},{"taxonomy":"post_tag","embeddable":true,"href":"https:\/\/www.messinaoggi.it\/website\/wp-json\/wp\/v2\/tags?post=161253"}],"curies":[{"name":"wp","href":"https:\/\/api.w.org\/{rel}","templated":true}]}}