{"id":161252,"date":"2023-07-01T09:17:02","date_gmt":"2023-07-01T07:17:02","guid":{"rendered":"http:\/\/www.messinaoggi.it\/website\/?p=161252"},"modified":"2023-07-01T09:17:03","modified_gmt":"2023-07-01T07:17:03","slug":"germana-apre-i-riflettori-sul-cas-code-vergognose","status":"publish","type":"post","link":"https:\/\/www.messinaoggi.it\/website\/2023\/07\/01\/germana-apre-i-riflettori-sul-cas-code-vergognose\/","title":{"rendered":"German\u00e0 apre i riflettori sul Cas: &#8220;Code vergognose&#8230;&#8221;"},"content":{"rendered":"\n<p>&#8220;<em>Non \u00e8 solo un problema strutturale ma anche gestionale. Mentre la governance del CAS affida il sevizio di comunicazione e gestione social (60mila euro per tre mesi inaudito!), gli automobilisti sono costretti a sorbirsi code chilometriche e disagi sulla tangenziale e sulla A-20. Tutto questo \u00e8 inaccettabile soprattutto in estate, quando \u00e8 notorio che i flussi veicolari aumentano sulle Autostrade<\/em>&#8220;.<div id=\"div-gpt-ad-Messinaoggi.it-DSK-300x250-corpoart\" style=\"text-align:center;margin:0 auto;\"><\/div><\/p>\n\n\n\n<figure class=\"wp-block-image size-large\"><img loading=\"lazy\" width=\"1024\" height=\"780\" src=\"http:\/\/www.messinaoggi.it\/website\/wp-content\/uploads\/2023\/05\/unnamed-1-2-1024x780.jpg\" alt=\"\" class=\"wp-image-156665\" srcset=\"https:\/\/www.messinaoggi.it\/website\/wp-content\/uploads\/2023\/05\/unnamed-1-2-1024x780.jpg 1024w, https:\/\/www.messinaoggi.it\/website\/wp-content\/uploads\/2023\/05\/unnamed-1-2-300x228.jpg 300w, https:\/\/www.messinaoggi.it\/website\/wp-content\/uploads\/2023\/05\/unnamed-1-2-768x585.jpg 768w, https:\/\/www.messinaoggi.it\/website\/wp-content\/uploads\/2023\/05\/unnamed-1-2.jpg 1413w\" sizes=\"(max-width: 1024px) 100vw, 1024px\" \/><figcaption><strong>Il ministro Salvini con il senatore German\u00e0<\/strong><\/figcaption><\/figure>\n\n\n\n<p>Il senatore <strong>Nino German\u00e0<\/strong> su Fb \u00e8 furente contro il Consorzio per le autostrade siciliane, dopo l&#8217;ennesima giornata di &#8220;passione&#8221; vissuta ieri dagli automobilisti. Code in entrata e in uscita da Messina, in corrispondenza della galleria <strong>Trapani<\/strong> e dello svincolo di <strong>Giostra<\/strong>.<div id=\"videoincontent\" style=\"clear:both\";><\/div><\/p>\n\n\n\n<p><strong>German\u00e0<\/strong> nel suo post non parla solo dei problemi strutturali, ma anche gestionali del Cas, dove la governance  &#8211; scrive il senatore stupito &#8211; ha assegnato un servizio ad una societ\u00e0 di comunicazione (di Maurizio Scaglione), per la bella cifra di <strong>60mila euro in appena tre mesi<\/strong>. <\/p>\n\n\n\n<p>Il senatore della Lega fa una denuncia pubblica aprendo i riflettori proprio sulla nuova gestione del Cas, il cui presidente <strong>Filippo Nasca<\/strong>, si \u00e8 presentato come il paladino della giustizia: vedi la denuncia della presunta parentopoli&#8230;<\/p>\n\n\n\n<p>Consigliamo al senatore <strong>Nino German\u00e0<\/strong> ed alla politica in genere di approfondire anche la nomina del portavoce; forse al Cas non sanno che in Sicilia la legge 150 del 2000 \u00e8 stata parzialmente recepita. Infatti, per l&#8217;attivit\u00e0 di portavoce \u00e8 richiesta l&#8217;iscrizione all&#8217;Ordine dei Giornalisti. <\/p>\n\n\n\n<p>Ma torniamo al post di <strong>German\u00e0 <\/strong>che \u00e8 di fatto il prodromo ad un atto parlamentare.<\/p>\n\n\n\n<p>&#8220;<em>E che dire delle continue interruzioni da Messina a Palermo? D\u2019estate i cantieri dovrebbero essere rimossi, qui invece aumentano. Questa \u00e8 mala gestio! Mentre il governo nazionale ha inglobato nel decreto-Ponte, le problematiche della Palermo-Catania, rimangono irrisolti quelli della Palermo-Messina, dove il problema oltre che strutturale \u00e8 gestionale. Ad esempio sei mesi fa la galleria Telegrafo veniva chiusa per l\u2019incendio di un Tir, ancora oggi si viaggia su una sola corsia. Purtroppo tutto questo non \u00e8 normale e vi prego di non utilizzare la storiella del \u201cprima le autostrade e poi il ponte\u201d perch\u00e9 non c\u2019entra nulla e perch\u00e9 stasera sono un tantino nervoso!<\/em>&#8220;<\/p>\n\n\n\n<p>Conclude il post del senatore della Lega, <strong>Nino German\u00e0<\/strong>.<\/p>\n","protected":false},"excerpt":{"rendered":"<p>&#8220;Non \u00e8 solo un problema strutturale ma anche gestionale. Mentre la governance del CAS affida il sevizio di comunicazione e gestione social (60mila euro per tre mesi inaudito!), gli automobilisti sono costretti a sorbirsi code chilometriche e disagi sulla tangenziale e sulla A-20. Tutto questo \u00e8 inaccettabile soprattutto in estate, quando \u00e8 notorio che i [&hellip;]<\/p>\n","protected":false},"author":2,"featured_media":161255,"comment_status":"open","ping_status":"open","sticky":false,"template":"","format":"standard","meta":{"ub_ctt_via":"","_mi_skip_tracking":false},"categories":[19],"tags":[8214,580,8215,6246,1082],"featured_image_src":"https:\/\/www.messinaoggi.it\/website\/wp-content\/uploads\/2023\/07\/356635303_6453479448083606_5682829195690888036_n-e1688195646718.jpg","author_info":{"display_name":"Redazione","author_link":"https:\/\/www.messinaoggi.it\/website\/author\/redazione\/"},"digistream_id":0,"digistream":false,"_links":{"self":[{"href":"https:\/\/www.messinaoggi.it\/website\/wp-json\/wp\/v2\/posts\/161252"}],"collection":[{"href":"https:\/\/www.messinaoggi.it\/website\/wp-json\/wp\/v2\/posts"}],"about":[{"href":"https:\/\/www.messinaoggi.it\/website\/wp-json\/wp\/v2\/types\/post"}],"author":[{"embeddable":true,"href":"https:\/\/www.messinaoggi.it\/website\/wp-json\/wp\/v2\/users\/2"}],"replies":[{"embeddable":true,"href":"https:\/\/www.messinaoggi.it\/website\/wp-json\/wp\/v2\/comments?post=161252"}],"version-history":[{"count":1,"href":"https:\/\/www.messinaoggi.it\/website\/wp-json\/wp\/v2\/posts\/161252\/revisions"}],"predecessor-version":[{"id":161256,"href":"https:\/\/www.messinaoggi.it\/website\/wp-json\/wp\/v2\/posts\/161252\/revisions\/161256"}],"wp:featuredmedia":[{"embeddable":true,"href":"https:\/\/www.messinaoggi.it\/website\/wp-json\/wp\/v2\/media\/161255"}],"wp:attachment":[{"href":"https:\/\/www.messinaoggi.it\/website\/wp-json\/wp\/v2\/media?parent=161252"}],"wp:term":[{"taxonomy":"category","embeddable":true,"href":"https:\/\/www.messinaoggi.it\/website\/wp-json\/wp\/v2\/categories?post=161252"},{"taxonomy":"post_tag","embeddable":true,"href":"https:\/\/www.messinaoggi.it\/website\/wp-json\/wp\/v2\/tags?post=161252"}],"curies":[{"name":"wp","href":"https:\/\/api.w.org\/{rel}","templated":true}]}}