{"id":161247,"date":"2023-07-01T07:30:00","date_gmt":"2023-07-01T05:30:00","guid":{"rendered":"http:\/\/www.messinaoggi.it\/website\/?p=161247"},"modified":"2023-07-01T18:36:09","modified_gmt":"2023-07-01T16:36:09","slug":"feneal-uil-messina-ha-bisogno-del-ponte-ma-occorrono-infrastrutture-di-collegamento-e-sicurezza-stradale","status":"publish","type":"post","link":"https:\/\/www.messinaoggi.it\/website\/2023\/07\/01\/feneal-uil-messina-ha-bisogno-del-ponte-ma-occorrono-infrastrutture-di-collegamento-e-sicurezza-stradale\/","title":{"rendered":"Feneal Uil: \u201cMessina ha bisogno del Ponte, ma occorrono infrastrutture di collegamento e sicurezza stradale&#8221;"},"content":{"rendered":"\n<p>Favorevoli alla realizzazione del Ponte, ma senza abbassare la guardia. Possiamo sintetizzare cos\u00ec la posizione della Feneal Uil Tirrenica Messina-Palermo sul Ponte sullo Stretto di Messina. Abbiamo infatti intervistato il suo segretario generale Pasquale De Vardo che, pur essendo in linea di principio favorevole alla costruzione dell\u2019infrastruttura, avverte che bisogna rimanere vigili durante l\u2019intero processo di realizzazione in materia di sicurezza. Ma non solo: quel che serve \u00e8 affiancare al ponte infrastrutture di collegamento e strade sicure.<div id=\"div-gpt-ad-Messinaoggi.it-DSK-300x250-corpoart\" style=\"text-align:center;margin:0 auto;\"><\/div><\/p>\n\n\n\n<p><strong>Messina ha bisogno del Ponte?<\/strong> \u201cMessina e, pi\u00f9 in generale, il Sud ha bisogno del Ponte, di quel famoso collegamento tra Palermo e Berlino. &#8211; dichiara il sindacalista &#8211; I benefici possono essere tanti, tra cui una ricaduta occupazione tra Sicilia e Calabria di circa 100 mila lavoratori tra metalmeccanici e operai. Il problema \u00e8 che prima di parlare di Ponte bisogna parlare di formazione professionale e sicurezza sul lavoro, oltre che di messa in sicurezza delle autostrade e delle linee ferroviarie esistenti.<div id=\"videoincontent\" style=\"clear:both\";><\/div><\/p>\n\n\n\n<p><strong>Riallacciandoci alla sicurezza, come possiamo ridurre il rischio degli infortuni sul lavoro?<\/strong> &#8220;Ovviamente in ogni opera pubblica c&#8217;\u00e8 il rischio degli infortuni sul lavoro. Il problema \u00e8 il controllo a monte. Le norme ci sono. Il nostro sindacato ne ha chieste anche di pi\u00f9 stringenti come l&#8217;introduzione del reato di omicidio sul lavoro, che prevederebbe per le aziende, qualora effettivamente responsabili del decesso del lavoratore, l\u2019esclusione permanente dal mondo del mercato del lavoro, senza la possibilit\u00e0 di eludere la norma cambiando ad esempio nome o amministratore delegato. Altro tema cruciale \u00e8 la formazione, che deve partire dalle scuole con l&#8217;introduzione nei piani didattici della materia Sicurezza sul lavoro\u201d.<\/p>\n\n\n\n<p><strong><a href=\"https:\/\/www.pontesullostrettonews.it\/website\/2023\/07\/01\/feneal-uil-messina-ha-bisogno-del-ponte-ma-occorrono-infrastrutture-di-collegamento-e-sicurezza-stradale\/\">Clicca qui<\/a><\/strong> per continuare a leggere su Ponte sullo Stretto news.<\/p>\n","protected":false},"excerpt":{"rendered":"<p>Favorevoli alla realizzazione del Ponte, ma senza abbassare la guardia. Possiamo sintetizzare cos\u00ec la posizione della Feneal Uil Tirrenica Messina-Palermo sul Ponte sullo Stretto di Messina. Abbiamo infatti intervistato il suo segretario generale Pasquale De Vardo che, pur essendo in linea di principio favorevole alla costruzione dell\u2019infrastruttura, avverte che bisogna rimanere vigili durante l\u2019intero processo [&hellip;]<\/p>\n","protected":false},"author":8,"featured_media":107139,"comment_status":"open","ping_status":"open","sticky":false,"template":"","format":"standard","meta":{"ub_ctt_via":"","_mi_skip_tracking":false},"categories":[6],"tags":[1377,1376,2536],"featured_image_src":"https:\/\/www.messinaoggi.it\/website\/wp-content\/uploads\/2022\/05\/de-vardo.jpg","author_info":{"display_name":"red..me","author_link":"https:\/\/www.messinaoggi.it\/website\/author\/redstage\/"},"digistream_id":0,"digistream":false,"_links":{"self":[{"href":"https:\/\/www.messinaoggi.it\/website\/wp-json\/wp\/v2\/posts\/161247"}],"collection":[{"href":"https:\/\/www.messinaoggi.it\/website\/wp-json\/wp\/v2\/posts"}],"about":[{"href":"https:\/\/www.messinaoggi.it\/website\/wp-json\/wp\/v2\/types\/post"}],"author":[{"embeddable":true,"href":"https:\/\/www.messinaoggi.it\/website\/wp-json\/wp\/v2\/users\/8"}],"replies":[{"embeddable":true,"href":"https:\/\/www.messinaoggi.it\/website\/wp-json\/wp\/v2\/comments?post=161247"}],"version-history":[{"count":4,"href":"https:\/\/www.messinaoggi.it\/website\/wp-json\/wp\/v2\/posts\/161247\/revisions"}],"predecessor-version":[{"id":161305,"href":"https:\/\/www.messinaoggi.it\/website\/wp-json\/wp\/v2\/posts\/161247\/revisions\/161305"}],"wp:featuredmedia":[{"embeddable":true,"href":"https:\/\/www.messinaoggi.it\/website\/wp-json\/wp\/v2\/media\/107139"}],"wp:attachment":[{"href":"https:\/\/www.messinaoggi.it\/website\/wp-json\/wp\/v2\/media?parent=161247"}],"wp:term":[{"taxonomy":"category","embeddable":true,"href":"https:\/\/www.messinaoggi.it\/website\/wp-json\/wp\/v2\/categories?post=161247"},{"taxonomy":"post_tag","embeddable":true,"href":"https:\/\/www.messinaoggi.it\/website\/wp-json\/wp\/v2\/tags?post=161247"}],"curies":[{"name":"wp","href":"https:\/\/api.w.org\/{rel}","templated":true}]}}