{"id":161236,"date":"2023-06-30T19:07:58","date_gmt":"2023-06-30T17:07:58","guid":{"rendered":"https:\/\/www.messinaoggi.it\/website\/2023\/06\/30\/italia-trasmette-a-bruxelles-proposta-piano-integrato-energia-e-clima\/"},"modified":"2023-06-30T19:07:58","modified_gmt":"2023-06-30T17:07:58","slug":"italia-trasmette-a-bruxelles-proposta-piano-integrato-energia-e-clima","status":"publish","type":"post","link":"https:\/\/www.messinaoggi.it\/website\/2023\/06\/30\/italia-trasmette-a-bruxelles-proposta-piano-integrato-energia-e-clima\/","title":{"rendered":"Italia trasmette a Bruxelles proposta Piano integrato energia e clima"},"content":{"rendered":"<div>ROMA (ITALPRESS) &#8211; Il ministero dell&#8217;Ambiente e della Sicurezza Energetica ha trasmesso a Bruxelles la proposta di aggiornamento del Piano Nazionale integrato Energia e Clima. Il Pniec centra quasi tutti i target fissati dalle normative europee su ambiente e clima, superando in alcuni casi significativamente gli obiettivi comunitari al 2030. Inizia cos\u00ec l&#8217;iter di aggiornamento del Piano che condurr\u00e0 alla approvazione definitiva del nuovo testo entro giugno del 2024. Tra i contenuti del testo, una quota del 40% di rinnovabili nei consumi finali lordi di energia che sale al 65% per i consumi solo elettrici. Il 37% di energia da rinnovabili per riscaldamento e raffrescamento, il 31% nei trasporti, 42% di idrogeno da rinnovabili per gli usi dell&#8217;industria. &#8220;Con questo testo, frutto di un lavoro intenso del Mase &#8211; spiega il ministro Gilberto Pichetto &#8211; vogliamo indicare una via alla transizione che sia realistica e non velleitaria, dunque sostenibile per il sistema economico italiano. E&#8217; un documento &#8211; aggiunge il ministro &#8211; che conferma l&#8217;impegno dell&#8217;Italia sul clima e per la sicurezza energetica, in linea con l&#8217;ineludibile cambiamento di un modello di sviluppo che porti benessere alle famiglie e condizioni di crescita alle aziende italiane&#8221;. Con il Pniec vengono stabiliti gli obiettivi nazionali al 2030 sull&#8217;efficienza energetica, sulle fonti rinnovabili e sulla riduzione delle emissioni di CO2, nonch\u00e8 gli obiettivi in tema di sicurezza energetica, di mercato unico dell&#8217;energia e di ricerca, innovazione e competitivit\u00e0, delineando per ciascuno di essi le misure che saranno attuate per assicurarne il raggiungimento. In generale, \u00e8 la riduzione delle emissioni nei settori civile, trasporti, servizi e agricoltura, che rappresenta il campo in cui pi\u00f9 complesso appare il raggiungimento degli obiettivi europei che invece vengono centrati nel settore ETS dell&#8217;industria pesante. La proposta al vaglio dell&#8217;Europa e nei prossimi mesi oggetto della Valutazione Ambientale Strategica (VAS) \u00e8 stata realizzata dal Mase con il supporto operativo del Gse, di Rse per la parte energetica, dell&#8217;Ispra per la parte ambientale e di Enea, PoliTo e PoliMi per la parte della ricerca e innovazione. Il dicastero inoltre ha coinvolto nel processo per raggiungere gli obiettivi ambientali ed energetici gli altri ministeri a vario titolo competenti: Mef, Mit, Mimit, Mur e Masaf.<br \/>(ITALPRESS).<br \/>-foto agenziafotogramma.it-<\/div>\n<div id=\"div-gpt-ad-Messinaoggi.it-DSK-300x250-corpoart\" style=\"text-align:center;margin:0 auto;\"><\/div><\/p><div id=\"videoincontent\" style=\"clear:both\";><\/div>","protected":false},"excerpt":{"rendered":"<p>ROMA (ITALPRESS) &#8211; Il ministero dell&#8217;Ambiente e della Sicurezza Energetica ha trasmesso a Bruxelles la proposta di aggiornamento del Piano Nazionale integrato Energia e Clima. Il Pniec centra quasi tutti i target fissati dalle normative europee su ambiente e clima, superando in alcuni casi significativamente gli obiettivi comunitari al 2030. Inizia cos\u00ec l&#8217;iter di aggiornamento [&hellip;]<\/p>\n","protected":false},"author":18,"featured_media":0,"comment_status":"closed","ping_status":"closed","sticky":false,"template":"","format":"standard","meta":{"ub_ctt_via":"","_mi_skip_tracking":false},"categories":[446],"tags":[783],"featured_image_src":null,"author_info":{"display_name":"Admin","author_link":"https:\/\/www.messinaoggi.it\/website\/author\/admin\/"},"digistream_id":0,"digistream":false,"_links":{"self":[{"href":"https:\/\/www.messinaoggi.it\/website\/wp-json\/wp\/v2\/posts\/161236"}],"collection":[{"href":"https:\/\/www.messinaoggi.it\/website\/wp-json\/wp\/v2\/posts"}],"about":[{"href":"https:\/\/www.messinaoggi.it\/website\/wp-json\/wp\/v2\/types\/post"}],"author":[{"embeddable":true,"href":"https:\/\/www.messinaoggi.it\/website\/wp-json\/wp\/v2\/users\/18"}],"replies":[{"embeddable":true,"href":"https:\/\/www.messinaoggi.it\/website\/wp-json\/wp\/v2\/comments?post=161236"}],"version-history":[{"count":0,"href":"https:\/\/www.messinaoggi.it\/website\/wp-json\/wp\/v2\/posts\/161236\/revisions"}],"wp:attachment":[{"href":"https:\/\/www.messinaoggi.it\/website\/wp-json\/wp\/v2\/media?parent=161236"}],"wp:term":[{"taxonomy":"category","embeddable":true,"href":"https:\/\/www.messinaoggi.it\/website\/wp-json\/wp\/v2\/categories?post=161236"},{"taxonomy":"post_tag","embeddable":true,"href":"https:\/\/www.messinaoggi.it\/website\/wp-json\/wp\/v2\/tags?post=161236"}],"curies":[{"name":"wp","href":"https:\/\/api.w.org\/{rel}","templated":true}]}}