{"id":16121,"date":"2018-02-24T11:34:11","date_gmt":"2018-02-24T10:34:11","guid":{"rendered":"http:\/\/www.messinaoggi.it\/website\/?p=16121"},"modified":"2018-02-24T11:34:11","modified_gmt":"2018-02-24T10:34:11","slug":"ap-capitalemessina-giusto-combattere-per-lautonomia-si-puo-fare","status":"publish","type":"post","link":"https:\/\/www.messinaoggi.it\/website\/2018\/02\/24\/ap-capitalemessina-giusto-combattere-per-lautonomia-si-puo-fare\/","title":{"rendered":"AP, CapitaleMessina: &#039;Giusto combattere per l&#039;autonomia, si pu\u00f2 fare&#039;"},"content":{"rendered":"<p>\u201c<span style=\"font-family: Arial, sans-serif\"><span lang=\"it-IT\">Tutti<\/span> d\u2019<span lang=\"it-IT\">accordo, ormai anche i pi\u00f9 riluttanti, che il matrimonio con Gioia Tauro <\/span>&#8216;<em><span lang=\"it-IT\">non s<\/span>\u2019<span lang=\"it-IT\">ha da fare!<\/span><\/em>&#8216;\u00a0<span lang=\"it-IT\">Ma quali sono gli scenari auspicabili e quali i livelli di intervento?\u201d \u00c8 quanto si chiede il vicepresidente di CapitaleMessina, Gianfranco Salmeri, in riferimento al dibattito sull&#8217;Autorit\u00e0 portuale. Al riguardo la posizione dell&#8217;associazione politica messinese \u00e8 chiara: garantire l&#8217;autonomia della nostra Authority, costi quel che costi:<\/span><\/span><br \/>\n\u201c<span style=\"font-family: Arial, sans-serif\"><span lang=\"it-IT\">La nostra posizione \u00e8 quella dell\u2019autonomia tout court della nostra Autorit\u00e0 Portuale. \u00c8 giusto, come ribadito da pi\u00f9 parti, lavorare in prospettiva per la promozione di Messina a porto \u201ccore\u201d, i benefici sarebbero certi; ma non possiamo attendere il nuovo regolamento dei porti europei del 2022: qualcosa va&#8217; fatta prima ed il primo livello \u00e8 quello dell\u2019interlocuzione della citt\u00e0 col prossimo Governo nazionale.\u00a0<\/span><\/span><span style=\"font-family: Arial, sans-serif\"><span lang=\"it-IT\">Messina deve puntare ad essere la 16ma Autorit\u00e0 di Sistema Portuale, con Villa S.G. e Reggio Calabria se \u00e8 possibile, altrimenti da soli. D\u2019altro canto, e lo abbiamo detto a pi\u00f9 riprese, Messina\/Milazzo con i suoi cinque porti, Milazzo, Giammoro, Tremestieri, S. Francesco, Porto storico, \u00e8 gi\u00e0 un sistema portuale a s\u00e9 stante, che non ha nulla da invidiare a Palermo o a Catania, anzi tutt\u2019altro!&#8221;.<\/span><\/span><br \/>\n\u201c<span style=\"font-family: Arial, sans-serif\"><span lang=\"it-IT\">Ed il fatto di non essere porto \u201ccore\u201d non pu\u00f2 costituire un ostacolo: anche Civitavecchia \u00e8 porto comprehensive come Messina, eppure \u00e8 sede di Autorit\u00e0 portuale. &#8211; prosegue Salmeri &#8211; Si tratta solo di volerlo fare. Ha ragione da vendere Lucio D\u2019Amico, il Decreto Del Rio non \u00e8 come le Tavole di Mos\u00e8, pu\u00f2 essere modificato se c\u2019\u00e8 una volont\u00e0 politica; e questa dovr\u00e0 essere la missione dei parlamentari che la citt\u00e0 invier\u00e0 a Roma. <\/span><\/span><br \/>\n\u201c<span style=\"font-family: Arial, sans-serif\"><span lang=\"it-IT\">Ma il secondo livello di intervento \u00e8 in capo alla Regione: Musumeci ha ribadito pi\u00f9 volte la volont\u00e0 di difendere il Sistema Portuale messinese; sar\u00e0 importante anche una sua decisa e costante attivit\u00e0 di moral suasion nei riguardi del Governo nazionale per ottenere il risultato che questa citt\u00e0 merita, la sopravvivenza ed il rilancio della propria Autorit\u00e0 Portuale&#8221;.<\/span><\/span><div id=\"div-gpt-ad-Messinaoggi.it-DSK-300x250-corpoart\" style=\"text-align:center;margin:0 auto;\"><\/div><\/p>\n<div id=\"videoincontent\" style=\"clear:both\";><\/div>","protected":false},"excerpt":{"rendered":"<p>\u201cTutti d\u2019accordo, ormai anche i pi\u00f9 riluttanti, che il matrimonio con Gioia Tauro &#8216;non s\u2019ha da fare!&#8216;\u00a0Ma quali sono gli scenari auspicabili e quali i livelli di intervento?\u201d \u00c8 quanto si chiede il vicepresidente di CapitaleMessina, Gianfranco Salmeri, in riferimento al dibattito sull&#8217;Autorit\u00e0 portuale. Al riguardo la posizione dell&#8217;associazione politica messinese \u00e8 chiara: garantire l&#8217;autonomia [&hellip;]<\/p>\n","protected":false},"author":8,"featured_media":10557,"comment_status":"closed","ping_status":"open","sticky":false,"template":"","format":"standard","meta":{"ub_ctt_via":"","_mi_skip_tracking":false},"categories":[4],"tags":[],"featured_image_src":"https:\/\/www.messinaoggi.it\/website\/wp-content\/uploads\/2017\/10\/porto-e-nave-da-crociera-1.jpg","author_info":{"display_name":"red..me","author_link":"https:\/\/www.messinaoggi.it\/website\/author\/redstage\/"},"digistream_id":0,"digistream":false,"_links":{"self":[{"href":"https:\/\/www.messinaoggi.it\/website\/wp-json\/wp\/v2\/posts\/16121"}],"collection":[{"href":"https:\/\/www.messinaoggi.it\/website\/wp-json\/wp\/v2\/posts"}],"about":[{"href":"https:\/\/www.messinaoggi.it\/website\/wp-json\/wp\/v2\/types\/post"}],"author":[{"embeddable":true,"href":"https:\/\/www.messinaoggi.it\/website\/wp-json\/wp\/v2\/users\/8"}],"replies":[{"embeddable":true,"href":"https:\/\/www.messinaoggi.it\/website\/wp-json\/wp\/v2\/comments?post=16121"}],"version-history":[{"count":0,"href":"https:\/\/www.messinaoggi.it\/website\/wp-json\/wp\/v2\/posts\/16121\/revisions"}],"wp:featuredmedia":[{"embeddable":true,"href":"https:\/\/www.messinaoggi.it\/website\/wp-json\/wp\/v2\/media\/10557"}],"wp:attachment":[{"href":"https:\/\/www.messinaoggi.it\/website\/wp-json\/wp\/v2\/media?parent=16121"}],"wp:term":[{"taxonomy":"category","embeddable":true,"href":"https:\/\/www.messinaoggi.it\/website\/wp-json\/wp\/v2\/categories?post=16121"},{"taxonomy":"post_tag","embeddable":true,"href":"https:\/\/www.messinaoggi.it\/website\/wp-json\/wp\/v2\/tags?post=16121"}],"curies":[{"name":"wp","href":"https:\/\/api.w.org\/{rel}","templated":true}]}}