{"id":161187,"date":"2023-06-30T16:08:00","date_gmt":"2023-06-30T14:08:00","guid":{"rendered":"https:\/\/www.messinaoggi.it\/website\/2023\/06\/30\/ue-meloni-mai-delusa-da-chi-difende-interessi-nazionali\/"},"modified":"2023-06-30T16:08:00","modified_gmt":"2023-06-30T14:08:00","slug":"ue-meloni-mai-delusa-da-chi-difende-interessi-nazionali","status":"publish","type":"post","link":"https:\/\/www.messinaoggi.it\/website\/2023\/06\/30\/ue-meloni-mai-delusa-da-chi-difende-interessi-nazionali\/","title":{"rendered":"Ue, Meloni \u201cMai delusa da chi difende interessi nazionali\u201d"},"content":{"rendered":"<div>BRUXELLES (BELGIO) (ITALPRESS) &#8211; &#8220;L&#8217;Italia ha avuto un ruolo da protagonista e credo che chiunque abbia seguito il Consiglio potr\u00e0 confermarlo. Sono soddisfatta del lavoro fatto&#8221;. Cos\u00ec il presidente del Consiglio, Giorgia Meloni, al termine del Consiglio europeo caratterizzato da un mancato accordo sul tema migranti a causa dell&#8217;opposizione di Polonia e Ungheria. &#8220;Io non sono delusa dall&#8217;atteggiamento di Polonia e Ungheria, io non sono mai delusa da chi difende i propri interessi nazionali. Con Polonia e Ungheria ho un ottimo rapporto, ho tentato una mediazione e fino all&#8217;ultimo continuiamo a lavorarci. Sar\u00f2 a Varsavia mercoled\u00ec, \u00e8 un lavoro da continuare a fare. La questione che loro pongono non \u00e8 peregrina, sono le due nazioni che in Ue si stanno pi\u00f9 occupando dei profughi ucraini, lo fanno con risorse&#8221;, aggiunge.<br \/>Per Meloni &#8220;l&#8217;unico modo per affrontare la questione tutti insieme \u00e8 lavorare sulla dimensione esterna, ed \u00e8 su questo che siamo riusciti ad imprimere una svolta totale su questo dibattito. La dimensione esterna coinvolge tutti i Paesi, su questo c&#8217;\u00e8 un consenso unanime dei 27 e su questo bisogna continuare a lavorare. Io non chiedo i ricollocamenti, chiedo di fermare insieme l&#8217;immigrazione illegale a monte. Rimango della posizione che la questione vada affrontata da un altro punto di vista. Servono investimenti, lavoro, formazione e migrazione legale quando serve, ma combattere i flussi illegali &#8211; ribadisce -, su questo noi abbiamo il consenso unanime. Continuiamo a lavorare perch\u00e8 si possa finalmente affrontare questo tema in maniera strutturale. Non \u00e8 il tema di risolvere il problema scaricandolo sul vicino, perch\u00e8 io non sono d&#8217;accordo su questo, per questo per ma la questione sul Patto di immigrazione e asilo \u00e8 secondaria, tanto non troveremo mai la soluzione che va bene per tutti&#8221;. <br \/>&#8220;Fermare l&#8217;immigrazione illegale a monte con un partenariato strategico con l&#8217;Africa &#8211; sottolinea -. Il Patto non esce ammaccato perch\u00e8 non era in discussione al Consiglio, non \u00e8 un tema che si riapre; era un tema sul quale la posizione di Polonia e Ungheria era quella di esprimere il proprio dissenso. Era stato gi\u00e0 portato a casa e il Patto non viene ridiscusso, per noi migliora le regole ma non abbiamo risolto il problema&#8221;, osserva. Poi la Tunisia. &#8220;Nelle conclusioni del Consiglio c&#8217;\u00e8 scritto che quello che noi stiamo facendo con la Tunisia pu\u00f2 essere un modello, \u00e8 esattamente dove vogliamo arrivare nel rapporto tra Ue e Paesi del Nord Africa. Quando la Commissione nella revisione del bilancio pluriennale propone l&#8217;utilizzo fino a 15 miliardi di euro per la dimensione esterna, vuol dire che siamo riusciti a convincere su un approccio che era tutto italiano&#8221;. Infine, Pnrr e Mes, due temi che stanno accendendo il dibattito politico in Italia.<br \/>&#8220;Non si sta aggravando la situazione sulla terza rata, continuiamo a lavorare. Gli spoiler che cercano di minare un lavoro paziente che stiamo facendo non rischiano di minare l&#8217;obiettivo. Stiamo lavorando bene sulla terza rata, sulla quarta c&#8217;\u00e8 un lavoro lungo. Sono molto ottimista. Il Mes \u00e8 un tema non mi \u00e8 stato posto, evidentemente da parte dei colleghi non c&#8217;\u00e8 la stessa attenzione che c&#8217;\u00e8 in Italia&#8221;, conclude la premier.<div id=\"div-gpt-ad-Messinaoggi.it-DSK-300x250-corpoart\" style=\"text-align:center;margin:0 auto;\"><\/div><\/p>\n<p> &#8211; foto agenziaFotogramma.it &#8211;<br \/>(ITALPRESS).<\/div>\n<div id=\"videoincontent\" style=\"clear:both\";><\/div>","protected":false},"excerpt":{"rendered":"<p>BRUXELLES (BELGIO) (ITALPRESS) &#8211; &#8220;L&#8217;Italia ha avuto un ruolo da protagonista e credo che chiunque abbia seguito il Consiglio potr\u00e0 confermarlo. Sono soddisfatta del lavoro fatto&#8221;. Cos\u00ec il presidente del Consiglio, Giorgia Meloni, al termine del Consiglio europeo caratterizzato da un mancato accordo sul tema migranti a causa dell&#8217;opposizione di Polonia e Ungheria. &#8220;Io non [&hellip;]<\/p>\n","protected":false},"author":18,"featured_media":161188,"comment_status":"closed","ping_status":"closed","sticky":false,"template":"","format":"standard","meta":{"ub_ctt_via":"","_mi_skip_tracking":false},"categories":[446],"tags":[783],"featured_image_src":"https:\/\/www.messinaoggi.it\/website\/wp-content\/uploads\/2023\/06\/20230630_1081.jpg","author_info":{"display_name":"Admin","author_link":"https:\/\/www.messinaoggi.it\/website\/author\/admin\/"},"digistream_id":0,"digistream":false,"_links":{"self":[{"href":"https:\/\/www.messinaoggi.it\/website\/wp-json\/wp\/v2\/posts\/161187"}],"collection":[{"href":"https:\/\/www.messinaoggi.it\/website\/wp-json\/wp\/v2\/posts"}],"about":[{"href":"https:\/\/www.messinaoggi.it\/website\/wp-json\/wp\/v2\/types\/post"}],"author":[{"embeddable":true,"href":"https:\/\/www.messinaoggi.it\/website\/wp-json\/wp\/v2\/users\/18"}],"replies":[{"embeddable":true,"href":"https:\/\/www.messinaoggi.it\/website\/wp-json\/wp\/v2\/comments?post=161187"}],"version-history":[{"count":0,"href":"https:\/\/www.messinaoggi.it\/website\/wp-json\/wp\/v2\/posts\/161187\/revisions"}],"wp:featuredmedia":[{"embeddable":true,"href":"https:\/\/www.messinaoggi.it\/website\/wp-json\/wp\/v2\/media\/161188"}],"wp:attachment":[{"href":"https:\/\/www.messinaoggi.it\/website\/wp-json\/wp\/v2\/media?parent=161187"}],"wp:term":[{"taxonomy":"category","embeddable":true,"href":"https:\/\/www.messinaoggi.it\/website\/wp-json\/wp\/v2\/categories?post=161187"},{"taxonomy":"post_tag","embeddable":true,"href":"https:\/\/www.messinaoggi.it\/website\/wp-json\/wp\/v2\/tags?post=161187"}],"curies":[{"name":"wp","href":"https:\/\/api.w.org\/{rel}","templated":true}]}}