{"id":161143,"date":"2023-06-30T14:32:52","date_gmt":"2023-06-30T12:32:52","guid":{"rendered":"https:\/\/www.messinaoggi.it\/website\/2023\/06\/30\/schifani-e-mattarella-commemorano-tre-luminari-della-medicina-in-sicilia\/"},"modified":"2023-06-30T15:34:09","modified_gmt":"2023-06-30T13:34:09","slug":"schifani-e-mattarella-commemorano-tre-luminari-della-medicina-in-sicilia","status":"publish","type":"post","link":"https:\/\/www.messinaoggi.it\/website\/2023\/06\/30\/schifani-e-mattarella-commemorano-tre-luminari-della-medicina-in-sicilia\/","title":{"rendered":"Schifani e Mattarella commemorano tre luminari della medicina in Sicilia"},"content":{"rendered":"<div>\n<p>PALERMO (ITALPRESS) \u2013 Il presidente della Regione Siciliana, Renato Schifani, ha partecipato stamane all\u2019ospedale Cervello di Palermo alla commemorazione dei medici Luigi Pagliaro, Francesco Caronia e Francesco Pitrolo. Alla cerimonia era presente, in forma privata, il Capo dello Stato, Sergio Mattarella. <br \/>I tre professionisti hanno fatto la storia della medicina in Sicilia e non solo, rappresentando un valido punto di riferimento per intere generazioni di sanitari.<br \/>\u00abUn forte riconoscimento \u2013 sottolinea il presidente Schifani \u2013 a tre luminari. E\u2019 giusto che si faccia quadrato attorno a figure storiche della sanit\u00e0 siciliana che hanno lasciato un grande ricordo, ma che hanno anche costituito una grande scuola sulla cui scia abbiamo formato altri professionisti e specialisti. Io ho sempre elogiato la qualit\u00e0 umana e professionale dei nostri medici. Dobbiamo lavorare \u2013 aggiunge Schifani \u2013 per migliorare la sanit\u00e0 pubblica di carattere ospedaliero e aumentare il numero dei medici. Il ministro Bernini con cui ci siamo confrontati pi\u00f9 volte, condivide l\u2019esigenza di ampliare il reclutamento dei medici, anche specializzandi e laureandi, perch\u00e8 in passato evidentemente la pianificazione di questi numeri chiusi \u00e8 stata sbagliata. Il ministro \u00e8 estremamente convinto di procedere su questo. Quindi sono molto fiducioso\u00bb.<br \/>Al termine della cerimonia a Pagliaro, epatologo di fama internazionale, scomparso nel settembre del 2020, \u00e8 stata intitolata la biblioteca; a Caronia, pioniere dell\u2019ematologia palermitana, morto nel maggio del 2021, il reparto di Oncoematologia, appena ristrutturato; a Pitrolo, cardiologo, amico e medico personale del presidente della Repubblica, scomparso nel febbraio di quest\u2019anno, il reparto Unit\u00e0 di terapia intensiva cardiologica.<br \/>Alla commemorazione hanno partecipato anche l\u2019assessore regionale alla Salute, Giovanna Volo, Luisa Lantieri, in rappresentanza del presidente dell\u2019Ars, il commissario straordinario dell\u2019Azienda Ospedali riuniti Villa Sofia-Cervello, Walter Messina, le autorit\u00e0 cittadine e i familiari dei tre medici.<br \/>foto ufficio stampa Regione siciliana<br \/>(ITALPRESS).<div id=\"div-gpt-ad-Messinaoggi.it-DSK-300x250-corpoart\" style=\"text-align:center;margin:0 auto;\"><\/div><\/p>\n<\/div>\n<div id=\"videoincontent\" style=\"clear:both\";><\/div>","protected":false},"excerpt":{"rendered":"<p>PALERMO (ITALPRESS) \u2013 Il presidente della Regione Siciliana, Renato Schifani, ha partecipato stamane all\u2019ospedale Cervello di Palermo alla commemorazione dei medici Luigi Pagliaro, Francesco Caronia e Francesco Pitrolo. Alla cerimonia era presente, in forma privata, il Capo dello Stato, Sergio Mattarella. I tre professionisti hanno fatto la storia della medicina in Sicilia e non solo, [&hellip;]<\/p>\n","protected":false},"author":18,"featured_media":161144,"comment_status":"closed","ping_status":"closed","sticky":false,"template":"","format":"standard","meta":{"ub_ctt_via":"","_mi_skip_tracking":false},"categories":[11,2449],"tags":[783],"featured_image_src":"https:\/\/www.messinaoggi.it\/website\/wp-content\/uploads\/2023\/06\/20230630_0635.jpg","author_info":{"display_name":"Admin","author_link":"https:\/\/www.messinaoggi.it\/website\/author\/admin\/"},"digistream_id":0,"digistream":false,"_links":{"self":[{"href":"https:\/\/www.messinaoggi.it\/website\/wp-json\/wp\/v2\/posts\/161143"}],"collection":[{"href":"https:\/\/www.messinaoggi.it\/website\/wp-json\/wp\/v2\/posts"}],"about":[{"href":"https:\/\/www.messinaoggi.it\/website\/wp-json\/wp\/v2\/types\/post"}],"author":[{"embeddable":true,"href":"https:\/\/www.messinaoggi.it\/website\/wp-json\/wp\/v2\/users\/18"}],"replies":[{"embeddable":true,"href":"https:\/\/www.messinaoggi.it\/website\/wp-json\/wp\/v2\/comments?post=161143"}],"version-history":[{"count":1,"href":"https:\/\/www.messinaoggi.it\/website\/wp-json\/wp\/v2\/posts\/161143\/revisions"}],"predecessor-version":[{"id":161151,"href":"https:\/\/www.messinaoggi.it\/website\/wp-json\/wp\/v2\/posts\/161143\/revisions\/161151"}],"wp:featuredmedia":[{"embeddable":true,"href":"https:\/\/www.messinaoggi.it\/website\/wp-json\/wp\/v2\/media\/161144"}],"wp:attachment":[{"href":"https:\/\/www.messinaoggi.it\/website\/wp-json\/wp\/v2\/media?parent=161143"}],"wp:term":[{"taxonomy":"category","embeddable":true,"href":"https:\/\/www.messinaoggi.it\/website\/wp-json\/wp\/v2\/categories?post=161143"},{"taxonomy":"post_tag","embeddable":true,"href":"https:\/\/www.messinaoggi.it\/website\/wp-json\/wp\/v2\/tags?post=161143"}],"curies":[{"name":"wp","href":"https:\/\/api.w.org\/{rel}","templated":true}]}}