{"id":161088,"date":"2023-06-30T11:07:53","date_gmt":"2023-06-30T09:07:53","guid":{"rendered":"https:\/\/www.messinaoggi.it\/website\/2023\/06\/30\/next-pg-danone-e-korian-insieme-per-aula-162-in-lombardia\/"},"modified":"2023-06-30T11:07:53","modified_gmt":"2023-06-30T09:07:53","slug":"next-pg-danone-e-korian-insieme-per-aula-162-in-lombardia","status":"publish","type":"post","link":"https:\/\/www.messinaoggi.it\/website\/2023\/06\/30\/next-pg-danone-e-korian-insieme-per-aula-162-in-lombardia\/","title":{"rendered":"Next, P&amp;G, Danone e Korian insieme per Aula 162 in Lombardia"},"content":{"rendered":"<div>MILANO (ITALPRESS) &#8211; Il progetto &#8220;Aula 162&#8221; realizzato da Associazione Next da sempre supportata da Procter &amp; Gamble Italia, arriva in Lombardia a sostegno di un gruppo di 17 persone, con un retroterra personale molto diverso per et\u00e0 e provenienza, ma accomunate da una situazione di difficolt\u00e0. Si tratta di un&#8217;importante opportunit\u00e0 di formazione, con la finalit\u00e0 di un inserimento lavorativo, per contribuire al loro riscatto sociale. <br \/>Per Marlene, 55 anni di origine cubana, \u00e8 un nuovo inizio, dopo la chiusura nel 2011 dell&#8217;attivit\u00e0 che aveva avviato e il susseguirsi di lavori saltuari. &#8220;Da dicembre non sono pi\u00f9 riuscita a trovare nessun lavoro, prima di incontrare Next stavo perdendo le speranze; invece, oggi per me \u00e8 un nuovo inizio, ho imparato molto nel corso e sono contenta di avere un motivo per alzarmi ogni mattina&#8221;. Anche per Alioune, 26 anni del Senegal, Next \u00e8 stato un incontro decisivo &#8220;Lavorare per me significa sopravvivere, portare il pane a casa per la famiglia: questo \u00e8 la cosa pi\u00f9 importante e incontrare Next mi ha salvato la vita&#8221;.<br \/>L&#8217;iniziativa si propone di colmare il divario tra domanda di lavoro qualificata e soggetti svantaggiati in cerca di nuove opportunit\u00e0? lavorative attraverso la collaborazione attiva di aziende partner, in questo caso Danone con il brand Fortimel, Eurofirms e Korian. L&#8217;idea di unire mondi diversi nasce dalla sensibilit\u00e0 attorno al tema della cura e dell&#8217;inclusione sviluppate in Danone dal 2011 a supporto delle proprie persone nella cura dei figli e dei genitori anziani.  L&#8217;incontro tra queste realt\u00e0 vede l&#8217;unione di valori comuni in cui ognuno porta la propria competenza ed esperienza. L&#8217;obiettivo \u00e8 quindi quello di contagiare positivamente altre realt\u00e0 con il potere della cura.<br \/>&#8220;Come Societ\u00e0 Benefit e come BCorp, noi di Danone crediamo che la responsabilit\u00e0 di un&#8217;azienda non si fermi alle porte degli uffici, e vogliamo avere un impatto non solo economico ma anche sociale all&#8217;interno delle comunit\u00e0 in cui operiamo. Per questo siamo felici e onorati di far parte di &#8220;Aula 162&#8243;, un progetto che abbiamo voluto estendere ai nostri partner di business, invitandoli a salire a bordo&#8221; afferma Sonia Malaspina, Direttrice Risorse Umane di Danone Italia e Grecia.<br \/>&#8220;E&#8217; una grande soddisfazione per Associazione Next vedere strutturarsi una filiera di aiuto capace di favorire una reale ripartenza per le persone che ogni giorno incontriamo- afferma Anna Baiguera, direttrice di Associazione Next. Un&#8217;opportunit\u00e0 importante di aprire nuovi orizzonti formativi e una grande opportunit\u00e0 di impiego per le persone che Next ha in animo di aiutare. La sinergia a supporto di quest&#8217;aula \u00e8 un esempio pi\u00f9 che virtuoso di come realt\u00e0 di natura diversa possano e riescano &#8211; mettendo ognuna in campo risorse e competenze &#8211; a generare opportunit\u00e0 di inclusione concreta e di sostenibilit\u00e0 sociale reale&#8221;.<br \/>Il percorso formativo \u00e8 volto alla formazione di 17 addetti alla sanificazione ambientale in 7 RSA sul territorio di Milano, Monza e province, e prevede una parte in aula e una sul campo, grazie alla collaborazione di Korian, leader nei servizi dalla prevenzione alla cura, che con Korian Academy &#8211; organo di formazione che ha come obiettivo quello di costruire opportunit\u00e0 di crescita professionale per le persone &#8211; ha gestito le 30 ore di formazione in aula. Al termine del corso, verranno offerte da Korian opportunit\u00e0 lavorative destinate a coprire il periodo estivo e che potranno essere rinnovate e successivamente convertite a tempo indeterminato, favorendo cos\u00ec l&#8217;inclusione sociale.<br \/>&#8220;Siamo molto soddisfatti di poter prendere parte a questo progetto, che esprime anche concretamente il nostro impegno a servizio della collettivit\u00e0 come Societ\u00e0 Benefit &#8211; afferma Marco Cervini, HR Director Korian Italia. Con la nostra adesione ad Aula 162 vogliamo valorizzare la centralit\u00e0 della formazione, che genera crescita personale attraverso lo sviluppo di competenze specifiche, e siamo pronti ad accogliere nuovi operatori nelle nostre strutture, supportandoli in questa nuova fase del loro percorso umano e professionale&#8221;.<br \/>Il progetto &#8220;Aula 162&#8221; \u00e8 partito nel 2021 grazie alla partnership con Procter &amp; Gamble Italia (l&#8217;azienda dei marchi Dash, Gillette, Oral B, Pantene ed altri ancora), che ha deciso di sostenere Associazione Next ampliandone il progetto di inclusione sociale &#8220;Next&#8221;, nato a Parma nel 2017 e rivolto in particolare a migranti e rifugiati nell&#8217;area dell&#8217;Emilia-Romagna, portandolo a livello nazionale e allargandone la platea di beneficiari. Nasce cos\u00ec &#8220;Aula 162&#8221; che prende il nome dall&#8217;Enciclica di Papa Francesco &#8220;Fratelli tutti&#8221; nella quale il Santo Padre scrive che &#8220;&#8230;aiutare i poveri con il denaro dev&#8217;essere sempre un rimedio provvisorio per fare fronte a delle emergenze. Il vero obiettivo dovrebbe sempre essere quello di consentire loro una vita degna mediante il lavoro (&#8230;). Non esiste peggiore povert\u00e0? di quella che priva del lavoro e della dignit\u00e0? del lavoro&#8221;. La buona riuscita di questa iniziativa \u00e8 il risultato della perfetta collaborazione tra profit e non profit, motivata dall&#8217;intento di dare a tutti una possibilit\u00e0 senza distinzione di etnia, genere o credo politico.<br \/>&#8220;Aula 162 \u00e8 il primo progetto di &#8220;P&amp;G per l&#8217;Italia&#8221;, il pi\u00f9 vasto programma di cittadinanza d&#8217;impresa mai avviato nel nostro Paese con cui stiamo realizzando iniziative per attuare cambiamenti positivi e concreti per le persone e per l&#8217;ambiente su tutto il territorio nazionale. Cambiamenti che non sarebbero possibili se non grazie alla collaborazione di realt\u00e0 diverse, che mettono a fattor comune risorse e competenze per migliorare la situazione e dare una possibilit\u00e0 di riscatto a tante persone bisognose. La concretezza di Aula 162 risiede proprio in questo aspetto: nella sua capacit\u00e0 di far incontrare aziende alla ricerca di manodopera qualificata e persone fragili in cerca di una nuova opportunit\u00e0 lavorativa, contribuendo a risolvere il problema, attualissimo, del mismatch tra domanda e offerta di lavoro&#8221; &#8211; spiega Riccardo Calvi, Direttore Comunicazione di Procter &amp; Gamble Italia.<br \/>&#8211; Nella foto i partecipanti al progetto &#8220;Aula 162&#8221; con Sonia Malaspina, Direttrice Risorse Umane di Danone Italia e Grecia (Fortimel). Fonte: ufficio stampa Danone &#8211; <br \/>(ITALPRESS).<\/div>\n<div id=\"div-gpt-ad-Messinaoggi.it-DSK-300x250-corpoart\" style=\"text-align:center;margin:0 auto;\"><\/div><\/p><div id=\"videoincontent\" style=\"clear:both\";><\/div>","protected":false},"excerpt":{"rendered":"<p>MILANO (ITALPRESS) &#8211; Il progetto &#8220;Aula 162&#8221; realizzato da Associazione Next da sempre supportata da Procter &amp; Gamble Italia, arriva in Lombardia a sostegno di un gruppo di 17 persone, con un retroterra personale molto diverso per et\u00e0 e provenienza, ma accomunate da una situazione di difficolt\u00e0. Si tratta di un&#8217;importante opportunit\u00e0 di formazione, con [&hellip;]<\/p>\n","protected":false},"author":18,"featured_media":161089,"comment_status":"closed","ping_status":"closed","sticky":false,"template":"","format":"standard","meta":{"ub_ctt_via":"","_mi_skip_tracking":false},"categories":[446],"tags":[783],"featured_image_src":"https:\/\/www.messinaoggi.it\/website\/wp-content\/uploads\/2023\/06\/20230630_0155.jpg","author_info":{"display_name":"Admin","author_link":"https:\/\/www.messinaoggi.it\/website\/author\/admin\/"},"digistream_id":0,"digistream":false,"_links":{"self":[{"href":"https:\/\/www.messinaoggi.it\/website\/wp-json\/wp\/v2\/posts\/161088"}],"collection":[{"href":"https:\/\/www.messinaoggi.it\/website\/wp-json\/wp\/v2\/posts"}],"about":[{"href":"https:\/\/www.messinaoggi.it\/website\/wp-json\/wp\/v2\/types\/post"}],"author":[{"embeddable":true,"href":"https:\/\/www.messinaoggi.it\/website\/wp-json\/wp\/v2\/users\/18"}],"replies":[{"embeddable":true,"href":"https:\/\/www.messinaoggi.it\/website\/wp-json\/wp\/v2\/comments?post=161088"}],"version-history":[{"count":0,"href":"https:\/\/www.messinaoggi.it\/website\/wp-json\/wp\/v2\/posts\/161088\/revisions"}],"wp:featuredmedia":[{"embeddable":true,"href":"https:\/\/www.messinaoggi.it\/website\/wp-json\/wp\/v2\/media\/161089"}],"wp:attachment":[{"href":"https:\/\/www.messinaoggi.it\/website\/wp-json\/wp\/v2\/media?parent=161088"}],"wp:term":[{"taxonomy":"category","embeddable":true,"href":"https:\/\/www.messinaoggi.it\/website\/wp-json\/wp\/v2\/categories?post=161088"},{"taxonomy":"post_tag","embeddable":true,"href":"https:\/\/www.messinaoggi.it\/website\/wp-json\/wp\/v2\/tags?post=161088"}],"curies":[{"name":"wp","href":"https:\/\/api.w.org\/{rel}","templated":true}]}}