{"id":161084,"date":"2023-06-30T10:07:58","date_gmt":"2023-06-30T08:07:58","guid":{"rendered":"https:\/\/www.messinaoggi.it\/website\/2023\/06\/30\/ey-in-tv-il-mondo-della-consulenza-e-della-trasformazione-aziendale\/"},"modified":"2023-06-30T15:34:25","modified_gmt":"2023-06-30T13:34:25","slug":"ey-in-tv-il-mondo-della-consulenza-e-della-trasformazione-aziendale","status":"publish","type":"post","link":"https:\/\/www.messinaoggi.it\/website\/2023\/06\/30\/ey-in-tv-il-mondo-della-consulenza-e-della-trasformazione-aziendale\/","title":{"rendered":"EY, in tv il mondo della consulenza e della trasformazione aziendale"},"content":{"rendered":"<div>MILANO (ITALPRESS) &#8211; &#8220;Con il progetto Beyond portiamo il mondo della consulenza in tv, lo facciamo su Sky Tg24 con 5 puntate brevi di 20 minuti ciascuna. E&#8217; un p\u00f2 la prima volta che la consulenza in Italia va in televisione e cerca di parlare a un pubblico pi\u00f9 esteso rispetto a quello a cui siamo abituati. E&#8217; un prodotto giornalistico che EY ha voluto ispirare e che \u00e8 completamente costruito dalla redazione di Sky Tg24, le tematiche sono molto legate alla trasformazione. Su questo fronte noi supportiamo aziende e istituzioni&#8221;. Cos\u00ec Alessandro Vanoni, direttore Brand e Communications di EY in Italia, intervistato da Claudio Brachino per il magazine televisivo Italpress Economy.<br \/>&#8220;Tra le tematiche quella dei nuovi modelli industriali che, da una cornice europea a quella italiana, stanno cambiando le nostre aziende &#8211; spiega Vanoni -, poi le tecnologie abilitanti e il loro impatto sulla trasformazione, la Generazione Z che non \u00e8 solo un target ma rappresenta anche un modo di ragionare completamente diverso, un cambio amento culturale molto interessante. Altro tema \u00e8 legato al mondo delle start-up e dell&#8217;innovazione. Tutto questo &#8211; aggiunge il mananager &#8211; viene affrontato seguendo un percorso, si va dai contenuti e si passa poi alla visione italiana, istituzionale e accademica. La seconda parte di queste puntate \u00e8 molto legata al tema delle aziende. E&#8217; un progetto di comunicazione integrato, con una forte spinta digitale, nel corso di ciascuna trasmissione si rimanda a un hub dove poi ci sono tutti i contenuti pi\u00f9 esclusivi, anche in versione estesa&#8221;.<br \/>Vanoni sottolinea che questi sono tempi speciali, &#8220;che richiedono progetti speciali, noi abbiamo deciso di portare i temi della trasformazione a un pubblico pi\u00f9 allagato. Il coinvolgimento delle persone \u00e8 fondamentale, questa \u00e8 una societ\u00e0 estremamente dinamica, l&#8217;obiettivo \u00e8 allargare l&#8217;audience perch\u00e8 l&#8217;azienda diventi sempre pi\u00f9 presente sul mercato&#8221;.<br \/>Per quanto riguarda la Generazione Z, il direttore della comunicazione di EY in Italia evidenzia che l&#8217;azienda ha &#8220;un&#8217;et\u00e0 media di 30 anni, quindi bassissima, questo vuol dire che da noi ci sono gi\u00e0 e stanno sempre pi\u00f9 entrando persone della Generazione Z, loro sono i consumatori del futuro e sono coloro che stanno influenzando anche la cultura del Paese a livello nazionale ma anche internazionale. Ciascuna di queste puntate &#8211; prosegue -, ha alla base un report fatto da EY con dati originali che ci permette di avere una solidit\u00e0 metodologica molto grande. E&#8217; una generazione molto vocal, ha una spiccata emotivit\u00e0. Quando viene chiesto loro come vorrebbero lavorare in azienda, da una parte emerge la spiccata vocazione per l&#8217;editoriale, dall&#8217;altra la necessit\u00e0 di vivere la vita e la richiesta di una grande flessibilit\u00e0, questo cambia il paradigma&#8221;.<br \/>&#8220;Qualche mese fa abbiamo fatto una survey sui responsabili comunicazione in Italia e ci hanno dato una serie di risposte interessanti &#8211; spiega ancora Vanoni -, ci hanno detto che il ruolo della comunicazione \u00e8 diventato molto pi\u00f9 importante, l&#8217;85% dei responsabili della comunicazione si sente pi\u00f9 centrale all&#8217;interno dell&#8217;azienda e il 54% sente che l&#8217;azienda presta maggiore attenzione a quello che la comunicazione fa. C&#8217;\u00e8 per\u00f2 il tema che i budget non sono aumentati, quello che viene richiesto a queste persone \u00e8 di essere pi\u00f9 performanti, se i team devono essere pi\u00f9 performanti e diventano pi\u00f9 centrali \u00e8 chiaro che ci deve essere una evoluzione che va di pari passo. La comunicazione &#8211; aggiunge &#8211; \u00e8 il terzo destinatario di maggiori investimenti a livello mondiale quando si parla di artificial intelligence, \u00e8 chiaro che la rivoluzione che vivremo \u00e8 enorme.  La comunicazione non si pu\u00f2 pi\u00f9 improvvisare, \u00e8 quindi necessario il tema della formazione, \u00e8 poi importantissimo che chi fa comunicazione sappia unire la dimensione interna dell&#8217;azienda con quella esterna&#8221;.<div id=\"div-gpt-ad-Messinaoggi.it-DSK-300x250-corpoart\" style=\"text-align:center;margin:0 auto;\"><\/div><\/p>\n<p>&#8211; foto Italpress &#8211;<div id=\"videoincontent\" style=\"clear:both\";><\/div><\/p>\n<p>(ITALPRESS).<\/p><\/div>\n","protected":false},"excerpt":{"rendered":"<p>MILANO (ITALPRESS) &#8211; &#8220;Con il progetto Beyond portiamo il mondo della consulenza in tv, lo facciamo su Sky Tg24 con 5 puntate brevi di 20 minuti ciascuna. E&#8217; un p\u00f2 la prima volta che la consulenza in Italia va in televisione e cerca di parlare a un pubblico pi\u00f9 esteso rispetto a quello a cui [&hellip;]<\/p>\n","protected":false},"author":18,"featured_media":161085,"comment_status":"closed","ping_status":"closed","sticky":false,"template":"","format":"standard","meta":{"ub_ctt_via":"","_mi_skip_tracking":false},"categories":[446,6],"tags":[783],"featured_image_src":"https:\/\/www.messinaoggi.it\/website\/wp-content\/uploads\/2023\/06\/20230630_0113.jpg","author_info":{"display_name":"Admin","author_link":"https:\/\/www.messinaoggi.it\/website\/author\/admin\/"},"digistream_id":0,"digistream":false,"_links":{"self":[{"href":"https:\/\/www.messinaoggi.it\/website\/wp-json\/wp\/v2\/posts\/161084"}],"collection":[{"href":"https:\/\/www.messinaoggi.it\/website\/wp-json\/wp\/v2\/posts"}],"about":[{"href":"https:\/\/www.messinaoggi.it\/website\/wp-json\/wp\/v2\/types\/post"}],"author":[{"embeddable":true,"href":"https:\/\/www.messinaoggi.it\/website\/wp-json\/wp\/v2\/users\/18"}],"replies":[{"embeddable":true,"href":"https:\/\/www.messinaoggi.it\/website\/wp-json\/wp\/v2\/comments?post=161084"}],"version-history":[{"count":1,"href":"https:\/\/www.messinaoggi.it\/website\/wp-json\/wp\/v2\/posts\/161084\/revisions"}],"predecessor-version":[{"id":161152,"href":"https:\/\/www.messinaoggi.it\/website\/wp-json\/wp\/v2\/posts\/161084\/revisions\/161152"}],"wp:featuredmedia":[{"embeddable":true,"href":"https:\/\/www.messinaoggi.it\/website\/wp-json\/wp\/v2\/media\/161085"}],"wp:attachment":[{"href":"https:\/\/www.messinaoggi.it\/website\/wp-json\/wp\/v2\/media?parent=161084"}],"wp:term":[{"taxonomy":"category","embeddable":true,"href":"https:\/\/www.messinaoggi.it\/website\/wp-json\/wp\/v2\/categories?post=161084"},{"taxonomy":"post_tag","embeddable":true,"href":"https:\/\/www.messinaoggi.it\/website\/wp-json\/wp\/v2\/tags?post=161084"}],"curies":[{"name":"wp","href":"https:\/\/api.w.org\/{rel}","templated":true}]}}