{"id":161080,"date":"2023-06-30T10:07:54","date_gmt":"2023-06-30T08:07:54","guid":{"rendered":"https:\/\/www.messinaoggi.it\/website\/2023\/06\/30\/nasce-il-focus-lavoro-e-welfare-dellagenzia-italpress\/"},"modified":"2023-06-30T13:44:20","modified_gmt":"2023-06-30T11:44:20","slug":"nasce-il-focus-lavoro-e-welfare-dellagenzia-italpress","status":"publish","type":"post","link":"https:\/\/www.messinaoggi.it\/website\/2023\/06\/30\/nasce-il-focus-lavoro-e-welfare-dellagenzia-italpress\/","title":{"rendered":"Nasce il Focus Lavoro e Welfare dell\u2019Agenzia Italpress"},"content":{"rendered":"<div>ROMA (ITALPRESS) &#8211; Cresce ancora la produzione multimediale dell&#8217;agenzia di stampa Italpress. Dopo il Focus ESG, curato dal giornalista Marco Marelli, un nuovo approfondimento quindicinale tematico: si tratta del Focus Lavoro e Welfare condotto dall&#8217;ex ministro del Lavoro Cesare Damiano, e attualmente presidente del Centro Studi Lavoro &amp; Welfare, che intervista negli studi Italpress di Roma e Milano  esperti e manager del settore.<br \/>Nella prima puntata a rispondere alle sue domande \u00e8 Anna Gionfriddo, amministratore delegato di Manpowergroup Italia, con la quale affronta tutte le principali tematiche sul lavoro.<br \/>&#8220;L&#8217;obiettivo &#8211; afferma Damiano &#8211; \u00e8 quello di affrontare temi complessi con un linguaggio comprensibile a tutti. In ogni puntata approfondiremo una tematica diversa con laiuto dei protagonisti del settore&#8221;.<br \/>Cresce ancora, dunque, la famiglia dei prodotti multimediali dell&#8217;agenzia fondata e diretta da Gaspare Borsellino, che gi\u00e0 conta numerosi videomagazine e tg quotidiani e settimanali che coprono tutti i principali settori informativi.<br \/>&#8220;Alla gi\u00e0 ricca informazione multimediale quotidiana che gi\u00e0 oggi pu\u00f2 contare su un flusso di una cinquantina di video e sulla collaborazione di noti giornalisti e personaggi dell&#8217;informazione si aggiunge un nuovo approfondimento. Crediamo molto nella verticalizzazione dei contenuti e cos\u00ec ai nostri Tg quotidiani e settimanali stiamo affiancando  dei Focus di approfondimento quindicinali tematici, come questo nuovo format dopo quello sul mondo ESG. E&#8217; la conferma che la crescita dell&#8217;Italpress nell&#8217;informazione multimedialit\u00e0 \u00e8 solo all&#8217;inizio. Offriamo ai nostri abbonati e ai nostri partner produzioni in tutti i settori&#8221;, afferma il fondatore e direttore responsabile dell&#8217;agenzia di stampa, Gaspare Borsellino.<br \/>-foto Italpress-<br \/>(ITALPRESS).<\/div>\n<div id=\"div-gpt-ad-Messinaoggi.it-DSK-300x250-corpoart\" style=\"text-align:center;margin:0 auto;\"><\/div><\/p><div id=\"videoincontent\" style=\"clear:both\";><\/div>","protected":false},"excerpt":{"rendered":"<p>ROMA (ITALPRESS) &#8211; Cresce ancora la produzione multimediale dell&#8217;agenzia di stampa Italpress. Dopo il Focus ESG, curato dal giornalista Marco Marelli, un nuovo approfondimento quindicinale tematico: si tratta del Focus Lavoro e Welfare condotto dall&#8217;ex ministro del Lavoro Cesare Damiano, e attualmente presidente del Centro Studi Lavoro &amp; Welfare, che intervista negli studi Italpress di [&hellip;]<\/p>\n","protected":false},"author":18,"featured_media":161081,"comment_status":"closed","ping_status":"closed","sticky":false,"template":"","format":"standard","meta":{"ub_ctt_via":"","_mi_skip_tracking":false},"categories":[446,6],"tags":[783],"featured_image_src":"https:\/\/www.messinaoggi.it\/website\/wp-content\/uploads\/2023\/06\/20230630_0089.jpg","author_info":{"display_name":"Admin","author_link":"https:\/\/www.messinaoggi.it\/website\/author\/admin\/"},"digistream_id":0,"digistream":false,"_links":{"self":[{"href":"https:\/\/www.messinaoggi.it\/website\/wp-json\/wp\/v2\/posts\/161080"}],"collection":[{"href":"https:\/\/www.messinaoggi.it\/website\/wp-json\/wp\/v2\/posts"}],"about":[{"href":"https:\/\/www.messinaoggi.it\/website\/wp-json\/wp\/v2\/types\/post"}],"author":[{"embeddable":true,"href":"https:\/\/www.messinaoggi.it\/website\/wp-json\/wp\/v2\/users\/18"}],"replies":[{"embeddable":true,"href":"https:\/\/www.messinaoggi.it\/website\/wp-json\/wp\/v2\/comments?post=161080"}],"version-history":[{"count":1,"href":"https:\/\/www.messinaoggi.it\/website\/wp-json\/wp\/v2\/posts\/161080\/revisions"}],"predecessor-version":[{"id":161136,"href":"https:\/\/www.messinaoggi.it\/website\/wp-json\/wp\/v2\/posts\/161080\/revisions\/161136"}],"wp:featuredmedia":[{"embeddable":true,"href":"https:\/\/www.messinaoggi.it\/website\/wp-json\/wp\/v2\/media\/161081"}],"wp:attachment":[{"href":"https:\/\/www.messinaoggi.it\/website\/wp-json\/wp\/v2\/media?parent=161080"}],"wp:term":[{"taxonomy":"category","embeddable":true,"href":"https:\/\/www.messinaoggi.it\/website\/wp-json\/wp\/v2\/categories?post=161080"},{"taxonomy":"post_tag","embeddable":true,"href":"https:\/\/www.messinaoggi.it\/website\/wp-json\/wp\/v2\/tags?post=161080"}],"curies":[{"name":"wp","href":"https:\/\/api.w.org\/{rel}","templated":true}]}}