{"id":161062,"date":"2023-06-30T09:07:54","date_gmt":"2023-06-30T07:07:54","guid":{"rendered":"https:\/\/www.messinaoggi.it\/website\/2023\/06\/30\/lavoro-calderone-spinta-sulle-politiche-attive\/"},"modified":"2023-06-30T13:44:36","modified_gmt":"2023-06-30T11:44:36","slug":"lavoro-calderone-spinta-sulle-politiche-attive","status":"publish","type":"post","link":"https:\/\/www.messinaoggi.it\/website\/2023\/06\/30\/lavoro-calderone-spinta-sulle-politiche-attive\/","title":{"rendered":"Lavoro, Calderone \u201cSpinta sulle politiche attive\u201d"},"content":{"rendered":"<div>ROMA (ITALPRESS) &#8211; &#8220;Questa riforma afferma una visione moderna del sistema del lavoro italiano rendendo il Paese pi\u00f9 competitivo. Con questo e gli altri provvedimenti in itinere vogliamo disegnare un mondo del lavoro pi\u00f9 inclusivo, pi\u00f9 semplice, pi\u00f9 adatto all&#8217;attuale momento economico e senza intaccare diritti e tutele. Nel pieno rispetto dei principi contenuti negli articoli 1 e 4 della nostra Costituzione&#8221;. A parlare, intervistata dal Corriere della Sera, \u00e8 il ministro  Marina Elvira Calderone, dopo l&#8217;approvazione alla Camera del decreto lavoro. <br \/>&#8220;Dal primo settembre &#8211; aggiunge &#8211; parte il Supporto per la formazione e il lavoro per chi, in et\u00e0 da lavoro, \u00e8 a rischio di esclusione sociale e lavorativa &#8211; sottolinea la ministra &#8211; L&#8217;obiettivo \u00e8 migliorare l&#8217;occupabilit\u00e0 delle persone per il mercato del lavoro. Le politiche attive saranno il driver&#8221;.  <br \/>Calderone spiega che l&#8217;assegno di inclusione &#8220;mette in protezione le fragilit\u00e0 con l&#8217;aggiunta di una tutela ad hoc per le vittime di violenza di genere&#8221;. &#8220;Riconosce a questi nuclei un beneficio economico &#8211; dice &#8211; ma lo subordina all&#8217;adesione a un percorso personalizzato di attivazione e inclusione sociale e lavorativa&#8221;. L&#8217;abolizione delle causali per i contratti a termine non apre alla deregulation &#8220;perch\u00e8, le causali nei contratti che supera- no i 12 mesi non scompaiono. L&#8217;obiettivo \u00e8 una loro razionalizzazione, superando le difficolt\u00e0 attuative del decreto Dignit\u00e0 &#8211; afferma Calderone &#8211; la semplificazione delle causali per i contratti a termine costituisce semmai un elemento chiarificatore, a vantaggio soprattutto dei giovani inoccupati. Ma questo non si traduce in un automatico incremento della precariet\u00e0&#8221;.<br \/>-foto agenziafotogramma.it-<br \/>(ITALPRESS).<\/div>\n<div id=\"div-gpt-ad-Messinaoggi.it-DSK-300x250-corpoart\" style=\"text-align:center;margin:0 auto;\"><\/div><\/p><div id=\"videoincontent\" style=\"clear:both\";><\/div>","protected":false},"excerpt":{"rendered":"<p>ROMA (ITALPRESS) &#8211; &#8220;Questa riforma afferma una visione moderna del sistema del lavoro italiano rendendo il Paese pi\u00f9 competitivo. Con questo e gli altri provvedimenti in itinere vogliamo disegnare un mondo del lavoro pi\u00f9 inclusivo, pi\u00f9 semplice, pi\u00f9 adatto all&#8217;attuale momento economico e senza intaccare diritti e tutele. Nel pieno rispetto dei principi contenuti negli [&hellip;]<\/p>\n","protected":false},"author":18,"featured_media":161063,"comment_status":"closed","ping_status":"closed","sticky":false,"template":"","format":"standard","meta":{"ub_ctt_via":"","_mi_skip_tracking":false},"categories":[446,4],"tags":[783],"featured_image_src":"https:\/\/www.messinaoggi.it\/website\/wp-content\/uploads\/2023\/06\/20230630_0073.jpg","author_info":{"display_name":"Admin","author_link":"https:\/\/www.messinaoggi.it\/website\/author\/admin\/"},"digistream_id":0,"digistream":false,"_links":{"self":[{"href":"https:\/\/www.messinaoggi.it\/website\/wp-json\/wp\/v2\/posts\/161062"}],"collection":[{"href":"https:\/\/www.messinaoggi.it\/website\/wp-json\/wp\/v2\/posts"}],"about":[{"href":"https:\/\/www.messinaoggi.it\/website\/wp-json\/wp\/v2\/types\/post"}],"author":[{"embeddable":true,"href":"https:\/\/www.messinaoggi.it\/website\/wp-json\/wp\/v2\/users\/18"}],"replies":[{"embeddable":true,"href":"https:\/\/www.messinaoggi.it\/website\/wp-json\/wp\/v2\/comments?post=161062"}],"version-history":[{"count":1,"href":"https:\/\/www.messinaoggi.it\/website\/wp-json\/wp\/v2\/posts\/161062\/revisions"}],"predecessor-version":[{"id":161137,"href":"https:\/\/www.messinaoggi.it\/website\/wp-json\/wp\/v2\/posts\/161062\/revisions\/161137"}],"wp:featuredmedia":[{"embeddable":true,"href":"https:\/\/www.messinaoggi.it\/website\/wp-json\/wp\/v2\/media\/161063"}],"wp:attachment":[{"href":"https:\/\/www.messinaoggi.it\/website\/wp-json\/wp\/v2\/media?parent=161062"}],"wp:term":[{"taxonomy":"category","embeddable":true,"href":"https:\/\/www.messinaoggi.it\/website\/wp-json\/wp\/v2\/categories?post=161062"},{"taxonomy":"post_tag","embeddable":true,"href":"https:\/\/www.messinaoggi.it\/website\/wp-json\/wp\/v2\/tags?post=161062"}],"curies":[{"name":"wp","href":"https:\/\/api.w.org\/{rel}","templated":true}]}}