{"id":161060,"date":"2023-06-29T23:07:57","date_gmt":"2023-06-29T21:07:57","guid":{"rendered":"https:\/\/www.messinaoggi.it\/website\/2023\/06\/29\/ucraina-tajani-non-vedo-allorizzonte-una-trattativa-di-pace\/"},"modified":"2023-06-29T23:07:57","modified_gmt":"2023-06-29T21:07:57","slug":"ucraina-tajani-non-vedo-allorizzonte-una-trattativa-di-pace","status":"publish","type":"post","link":"https:\/\/www.messinaoggi.it\/website\/2023\/06\/29\/ucraina-tajani-non-vedo-allorizzonte-una-trattativa-di-pace\/","title":{"rendered":"Ucraina, Tajani \u201cNon vedo all\u2019orizzonte una trattativa di pace\u201d"},"content":{"rendered":"<div>ROMA (ITALPRESS) &#8211; Pace pi\u00f9 vicina o pi\u00f9 lontana? &#8220;Difficile<br \/>dirlo, non vedo all&#8217;orizzonte un inizio di trattativa di pace.<br \/>Adesso \u00e8 in missione a Mosca il cardinale Zuppi, ma non mi pare<br \/>che i russi abbiano dato molte rassicurazioni&#8221;. Lo ha detto il<br \/>ministro degli Affari esteri, Antonio Tajani, ospite di &#8220;Dritto e<br \/>rovescio&#8221; su Retequattro.<br \/>Parlando invece di immigrazione, Tajani ha sottolineato che &#8220;purtroppo ci sono tante concause: la situazione in Tunisia, il terremoto in Turchia, Siria, Afghanistan, siccit\u00e0, terrorismo, cambiamento climatico, che spingono gente a fuggire, poi non c&#8217;\u00e8 solo il Mediterraneo ma anche la rotta balcanica. Il problema \u00e8 di tutta l&#8217;Europa, o lo si affronta insieme o non si risolve&#8221;.<div id=\"div-gpt-ad-Messinaoggi.it-DSK-300x250-corpoart\" style=\"text-align:center;margin:0 auto;\"><\/div><\/p>\n<p>&#8211; foto agenziafotogramma.it &#8211;<br \/>(ITALPRESS).<\/div>\n<div id=\"videoincontent\" style=\"clear:both\";><\/div>","protected":false},"excerpt":{"rendered":"<p>ROMA (ITALPRESS) &#8211; Pace pi\u00f9 vicina o pi\u00f9 lontana? &#8220;Difficiledirlo, non vedo all&#8217;orizzonte un inizio di trattativa di pace.Adesso \u00e8 in missione a Mosca il cardinale Zuppi, ma non mi pareche i russi abbiano dato molte rassicurazioni&#8221;. Lo ha detto ilministro degli Affari esteri, Antonio Tajani, ospite di &#8220;Dritto erovescio&#8221; su Retequattro.Parlando invece di immigrazione, [&hellip;]<\/p>\n","protected":false},"author":18,"featured_media":161061,"comment_status":"closed","ping_status":"closed","sticky":false,"template":"","format":"standard","meta":{"ub_ctt_via":"","_mi_skip_tracking":false},"categories":[446],"tags":[783],"featured_image_src":"https:\/\/www.messinaoggi.it\/website\/wp-content\/uploads\/2023\/06\/20230629_2390.jpg","author_info":{"display_name":"Admin","author_link":"https:\/\/www.messinaoggi.it\/website\/author\/admin\/"},"digistream_id":0,"digistream":false,"_links":{"self":[{"href":"https:\/\/www.messinaoggi.it\/website\/wp-json\/wp\/v2\/posts\/161060"}],"collection":[{"href":"https:\/\/www.messinaoggi.it\/website\/wp-json\/wp\/v2\/posts"}],"about":[{"href":"https:\/\/www.messinaoggi.it\/website\/wp-json\/wp\/v2\/types\/post"}],"author":[{"embeddable":true,"href":"https:\/\/www.messinaoggi.it\/website\/wp-json\/wp\/v2\/users\/18"}],"replies":[{"embeddable":true,"href":"https:\/\/www.messinaoggi.it\/website\/wp-json\/wp\/v2\/comments?post=161060"}],"version-history":[{"count":0,"href":"https:\/\/www.messinaoggi.it\/website\/wp-json\/wp\/v2\/posts\/161060\/revisions"}],"wp:featuredmedia":[{"embeddable":true,"href":"https:\/\/www.messinaoggi.it\/website\/wp-json\/wp\/v2\/media\/161061"}],"wp:attachment":[{"href":"https:\/\/www.messinaoggi.it\/website\/wp-json\/wp\/v2\/media?parent=161060"}],"wp:term":[{"taxonomy":"category","embeddable":true,"href":"https:\/\/www.messinaoggi.it\/website\/wp-json\/wp\/v2\/categories?post=161060"},{"taxonomy":"post_tag","embeddable":true,"href":"https:\/\/www.messinaoggi.it\/website\/wp-json\/wp\/v2\/tags?post=161060"}],"curies":[{"name":"wp","href":"https:\/\/api.w.org\/{rel}","templated":true}]}}