{"id":161058,"date":"2023-06-29T23:07:55","date_gmt":"2023-06-29T21:07:55","guid":{"rendered":"https:\/\/www.messinaoggi.it\/website\/2023\/06\/29\/piantedosi-sempre-accesa-la-speranza-di-ritrovare-la-piccola-kata\/"},"modified":"2023-06-30T13:44:44","modified_gmt":"2023-06-30T11:44:44","slug":"piantedosi-sempre-accesa-la-speranza-di-ritrovare-la-piccola-kata","status":"publish","type":"post","link":"https:\/\/www.messinaoggi.it\/website\/2023\/06\/29\/piantedosi-sempre-accesa-la-speranza-di-ritrovare-la-piccola-kata\/","title":{"rendered":"Piantedosi \u201cSempre accesa la speranza di ritrovare la piccola Kata\u201d"},"content":{"rendered":"<div>ROMA (ITALPRESS) &#8211; &#8220;Con molta franchezza e nel rispetto della riservatezza delle indagini giudiziarie, non mi risulta ci siano tracce marcatamente definite di ricerca della ragazza e del contesto in cui \u00e8 maturata la scomparsa della bambina. Gli investigatori stanno lavorando in maniera massiccia, ma confidiamo che quanto prima qualche elemento in pi\u00f9 possa portare a una nuova pista, \u00e8 legittimo tenere sempre accesa la speranza di ritrovarla&#8221;. Cos\u00ec il ministro dell&#8217;interno, Matteo Piantedosi, a Diritto e Rovescio su Rete 4, in riferimento alla scomparsa della piccola Kata a Firenze e sul tema pi\u00f9 generale delle occupazioni abusive: &#8220;Forte dell&#8217;esperienza maturata da prefetto, tra le prime direttive emanate c&#8217;era quella di non tollerare ulteriori occupazioni abusive, non solo per una questione di contabilit\u00e0, ma perch\u00e8 l&#8217;esperienza mi dice che quando non vengono subito contrastate poi c&#8217;\u00e8 il radicamento nei luoghi che rende tutto pi\u00f9 difficile&#8221;, ha spiegato. <br \/>&#8220;Al momento nessuna occupazione nuova si \u00e8 registrata, il problema della difficolt\u00e0 di portare avanti un piano di progressiva liberazione degli immobili occupati sta nel fatto che i racket utilizzano le persone come veri scudi umani, spesso in condizioni di vulnerabilit\u00e0, la stessa Kata era una bambina &#8211; ha ricordato Piantedosi &#8211; Sto portando avanti un piano di sollecitazione tramite i sistemi di welfare territoriale, a coloro i quali \u00e8 necessario e legittimo offrire soluzioni alternativi, queste vengano trovate al piu presto. L&#8217;obiettivo &#8211; ha concluso &#8211; \u00e8 conciliare al pi\u00f9 presto il difficile equilibrio del ripristino delle condizioni legalit\u00e0 senza trasferire il tema sulla strada&#8221;.<div id=\"div-gpt-ad-Messinaoggi.it-DSK-300x250-corpoart\" style=\"text-align:center;margin:0 auto;\"><\/div><\/p>\n<p>&#8211; foto agenziafotogramma.it &#8211;<br \/>(ITALPRESS).<\/div>\n<div id=\"videoincontent\" style=\"clear:both\";><\/div>","protected":false},"excerpt":{"rendered":"<p>ROMA (ITALPRESS) &#8211; &#8220;Con molta franchezza e nel rispetto della riservatezza delle indagini giudiziarie, non mi risulta ci siano tracce marcatamente definite di ricerca della ragazza e del contesto in cui \u00e8 maturata la scomparsa della bambina. Gli investigatori stanno lavorando in maniera massiccia, ma confidiamo che quanto prima qualche elemento in pi\u00f9 possa portare [&hellip;]<\/p>\n","protected":false},"author":18,"featured_media":161059,"comment_status":"closed","ping_status":"closed","sticky":false,"template":"","format":"standard","meta":{"ub_ctt_via":"","_mi_skip_tracking":false},"categories":[446,4],"tags":[783],"featured_image_src":"https:\/\/www.messinaoggi.it\/website\/wp-content\/uploads\/2023\/06\/20230629_2389.jpg","author_info":{"display_name":"Admin","author_link":"https:\/\/www.messinaoggi.it\/website\/author\/admin\/"},"digistream_id":0,"digistream":false,"_links":{"self":[{"href":"https:\/\/www.messinaoggi.it\/website\/wp-json\/wp\/v2\/posts\/161058"}],"collection":[{"href":"https:\/\/www.messinaoggi.it\/website\/wp-json\/wp\/v2\/posts"}],"about":[{"href":"https:\/\/www.messinaoggi.it\/website\/wp-json\/wp\/v2\/types\/post"}],"author":[{"embeddable":true,"href":"https:\/\/www.messinaoggi.it\/website\/wp-json\/wp\/v2\/users\/18"}],"replies":[{"embeddable":true,"href":"https:\/\/www.messinaoggi.it\/website\/wp-json\/wp\/v2\/comments?post=161058"}],"version-history":[{"count":1,"href":"https:\/\/www.messinaoggi.it\/website\/wp-json\/wp\/v2\/posts\/161058\/revisions"}],"predecessor-version":[{"id":161138,"href":"https:\/\/www.messinaoggi.it\/website\/wp-json\/wp\/v2\/posts\/161058\/revisions\/161138"}],"wp:featuredmedia":[{"embeddable":true,"href":"https:\/\/www.messinaoggi.it\/website\/wp-json\/wp\/v2\/media\/161059"}],"wp:attachment":[{"href":"https:\/\/www.messinaoggi.it\/website\/wp-json\/wp\/v2\/media?parent=161058"}],"wp:term":[{"taxonomy":"category","embeddable":true,"href":"https:\/\/www.messinaoggi.it\/website\/wp-json\/wp\/v2\/categories?post=161058"},{"taxonomy":"post_tag","embeddable":true,"href":"https:\/\/www.messinaoggi.it\/website\/wp-json\/wp\/v2\/tags?post=161058"}],"curies":[{"name":"wp","href":"https:\/\/api.w.org\/{rel}","templated":true}]}}