{"id":161054,"date":"2023-06-29T22:07:54","date_gmt":"2023-06-29T20:07:54","guid":{"rendered":"https:\/\/www.messinaoggi.it\/website\/2023\/06\/29\/roccella-torniamo-a-rendere-premiante-la-genitorialita\/"},"modified":"2023-06-29T22:07:54","modified_gmt":"2023-06-29T20:07:54","slug":"roccella-torniamo-a-rendere-premiante-la-genitorialita","status":"publish","type":"post","link":"https:\/\/www.messinaoggi.it\/website\/2023\/06\/29\/roccella-torniamo-a-rendere-premiante-la-genitorialita\/","title":{"rendered":"Roccella \u201cTorniamo a rendere premiante la genitorialit\u00e0\u201d"},"content":{"rendered":"<div>ROMA (ITALPRESS) &#8211; &#8220;Le donne che fanno le mamme fanno un lavoro che serve all&#8217;intera comunit\u00e0 e questo deve tornare ad avere un riconoscimento. Troppo spesso quando si dice che sei una donna in carriera si riceve un riconoscimento sociale che invece le mamme non hanno. Questo \u00e8 il punto fondamentale: essere una mamma e un pap\u00e0 deve essere qualcosa di socialmente premiante, non un ostacolo&#8221;. Cos\u00ec la ministra alle Pari opportunit\u00e0 e la Famiglia Eugenia Roccella intervenendo dal palco di Fenix, la festa dell&#8217;organizzazione giovanile di Fdi. &#8220;Il disegno di legge per rendere l&#8217;utero in affitto un reato perseguibile \u00e8 una battaglia importante perch\u00e8 svilire l&#8217;essere madre e padre, immettere la genitoralit\u00e0 sul mercato, ferisce la dignit\u00e0 della genitorialit\u00e0. Torniamo a rendere premiante questa cosa semplicemente umana, essere madri e padri&#8221;, ha aggiunto il ministro. <div id=\"div-gpt-ad-Messinaoggi.it-DSK-300x250-corpoart\" style=\"text-align:center;margin:0 auto;\"><\/div><\/p>\n<p>&#8211; foto agenziafotogramma.it &#8211;<br \/>(ITALPRESS).<\/div>\n<div id=\"videoincontent\" style=\"clear:both\";><\/div>","protected":false},"excerpt":{"rendered":"<p>ROMA (ITALPRESS) &#8211; &#8220;Le donne che fanno le mamme fanno un lavoro che serve all&#8217;intera comunit\u00e0 e questo deve tornare ad avere un riconoscimento. Troppo spesso quando si dice che sei una donna in carriera si riceve un riconoscimento sociale che invece le mamme non hanno. Questo \u00e8 il punto fondamentale: essere una mamma e [&hellip;]<\/p>\n","protected":false},"author":18,"featured_media":161055,"comment_status":"closed","ping_status":"closed","sticky":false,"template":"","format":"standard","meta":{"ub_ctt_via":"","_mi_skip_tracking":false},"categories":[446],"tags":[783],"featured_image_src":"https:\/\/www.messinaoggi.it\/website\/wp-content\/uploads\/2023\/06\/20230629_2359.jpg","author_info":{"display_name":"Admin","author_link":"https:\/\/www.messinaoggi.it\/website\/author\/admin\/"},"digistream_id":0,"digistream":false,"_links":{"self":[{"href":"https:\/\/www.messinaoggi.it\/website\/wp-json\/wp\/v2\/posts\/161054"}],"collection":[{"href":"https:\/\/www.messinaoggi.it\/website\/wp-json\/wp\/v2\/posts"}],"about":[{"href":"https:\/\/www.messinaoggi.it\/website\/wp-json\/wp\/v2\/types\/post"}],"author":[{"embeddable":true,"href":"https:\/\/www.messinaoggi.it\/website\/wp-json\/wp\/v2\/users\/18"}],"replies":[{"embeddable":true,"href":"https:\/\/www.messinaoggi.it\/website\/wp-json\/wp\/v2\/comments?post=161054"}],"version-history":[{"count":0,"href":"https:\/\/www.messinaoggi.it\/website\/wp-json\/wp\/v2\/posts\/161054\/revisions"}],"wp:featuredmedia":[{"embeddable":true,"href":"https:\/\/www.messinaoggi.it\/website\/wp-json\/wp\/v2\/media\/161055"}],"wp:attachment":[{"href":"https:\/\/www.messinaoggi.it\/website\/wp-json\/wp\/v2\/media?parent=161054"}],"wp:term":[{"taxonomy":"category","embeddable":true,"href":"https:\/\/www.messinaoggi.it\/website\/wp-json\/wp\/v2\/categories?post=161054"},{"taxonomy":"post_tag","embeddable":true,"href":"https:\/\/www.messinaoggi.it\/website\/wp-json\/wp\/v2\/tags?post=161054"}],"curies":[{"name":"wp","href":"https:\/\/api.w.org\/{rel}","templated":true}]}}