{"id":161052,"date":"2023-06-29T21:07:55","date_gmt":"2023-06-29T19:07:55","guid":{"rendered":"https:\/\/www.messinaoggi.it\/website\/2023\/06\/29\/la-russa-le-nostre-idee-hanno-sempre-fatto-paura-alla-sinistra\/"},"modified":"2023-06-29T21:07:55","modified_gmt":"2023-06-29T19:07:55","slug":"la-russa-le-nostre-idee-hanno-sempre-fatto-paura-alla-sinistra","status":"publish","type":"post","link":"https:\/\/www.messinaoggi.it\/website\/2023\/06\/29\/la-russa-le-nostre-idee-hanno-sempre-fatto-paura-alla-sinistra\/","title":{"rendered":"La Russa \u201cLe nostre idee hanno sempre fatto paura alla sinistra\u201d"},"content":{"rendered":"<div>ROMA (ITALPRESS) &#8211; &#8220;La memoria di FdI oggi? Innanzitutto \u00e8 la memoria d&#8217;Italia, poi c&#8217;\u00e8 una memoria pi\u00f9 vicina, quella del Dopoguerra. Siccome si parla sempre del diritto di parola, vorrei che si ricordasse Ugo Venturini, che mor\u00ec perch\u00e8 difendeva la presenza di Giorgio Almirante attorno al palco che i suoi avversari politici volevano assaltare&#8221;. Cos\u00ec il presidente del Senato, Ignazio La Russa, nel suo intervento a Fenix, la festa di Giovent\u00f9 Nazionale. &#8220;Nessuno a destra ha mai impedito ad altri di esprimere le proprie idee. Negli anni &#8217;70 feci finta di essere di sinistra per poter parlare alla Bocconi&#8221;, ricorda La Russa, che poi aggiunge: &#8220;Sono le nostre idee che hanno sempre fatto paura alla sinistra&#8221;. &#8220;Siamo diventati i pi\u00f9 atlantisti nella difesa dell&#8217;Occidente, cosa che manda in bestia la sinistra&#8221;. <br \/>Parlando di Gianfranco Fini, La Russa ritiene che &#8220;abbia fatto grandi errori nella parte finale del suo percorso politico, ma ha avuto anche grandi meriti. Un giorno faremo un&#8217;assemblea per capire come pot\u00e8 avvenire che uno dei fondatori di Alleanza Nazionale andasse poi a fondare un partito come Fli&#8221;. Per La Russa, inoltre, &#8220;c&#8217;\u00e8 un programma preciso del centrodestra in cui c&#8217;\u00e8 la risposta a diversi questioni sociali, non bisogna pensare che si possa fare tutto in 8 mesi, \u00e8 un programma tarato su 5 anni: un p\u00f2 di pazienza&#8221;. <div id=\"div-gpt-ad-Messinaoggi.it-DSK-300x250-corpoart\" style=\"text-align:center;margin:0 auto;\"><\/div><\/p>\n<p>&#8211; foto xl3\/Italpress &#8211;<br \/>(ITALPRESS).<\/div>\n<div id=\"videoincontent\" style=\"clear:both\";><\/div>","protected":false},"excerpt":{"rendered":"<p>ROMA (ITALPRESS) &#8211; &#8220;La memoria di FdI oggi? Innanzitutto \u00e8 la memoria d&#8217;Italia, poi c&#8217;\u00e8 una memoria pi\u00f9 vicina, quella del Dopoguerra. Siccome si parla sempre del diritto di parola, vorrei che si ricordasse Ugo Venturini, che mor\u00ec perch\u00e8 difendeva la presenza di Giorgio Almirante attorno al palco che i suoi avversari politici volevano assaltare&#8221;. [&hellip;]<\/p>\n","protected":false},"author":18,"featured_media":161053,"comment_status":"closed","ping_status":"closed","sticky":false,"template":"","format":"standard","meta":{"ub_ctt_via":"","_mi_skip_tracking":false},"categories":[446],"tags":[783],"featured_image_src":"https:\/\/www.messinaoggi.it\/website\/wp-content\/uploads\/2023\/06\/20230629_2260.jpg","author_info":{"display_name":"Admin","author_link":"https:\/\/www.messinaoggi.it\/website\/author\/admin\/"},"digistream_id":0,"digistream":false,"_links":{"self":[{"href":"https:\/\/www.messinaoggi.it\/website\/wp-json\/wp\/v2\/posts\/161052"}],"collection":[{"href":"https:\/\/www.messinaoggi.it\/website\/wp-json\/wp\/v2\/posts"}],"about":[{"href":"https:\/\/www.messinaoggi.it\/website\/wp-json\/wp\/v2\/types\/post"}],"author":[{"embeddable":true,"href":"https:\/\/www.messinaoggi.it\/website\/wp-json\/wp\/v2\/users\/18"}],"replies":[{"embeddable":true,"href":"https:\/\/www.messinaoggi.it\/website\/wp-json\/wp\/v2\/comments?post=161052"}],"version-history":[{"count":0,"href":"https:\/\/www.messinaoggi.it\/website\/wp-json\/wp\/v2\/posts\/161052\/revisions"}],"wp:featuredmedia":[{"embeddable":true,"href":"https:\/\/www.messinaoggi.it\/website\/wp-json\/wp\/v2\/media\/161053"}],"wp:attachment":[{"href":"https:\/\/www.messinaoggi.it\/website\/wp-json\/wp\/v2\/media?parent=161052"}],"wp:term":[{"taxonomy":"category","embeddable":true,"href":"https:\/\/www.messinaoggi.it\/website\/wp-json\/wp\/v2\/categories?post=161052"},{"taxonomy":"post_tag","embeddable":true,"href":"https:\/\/www.messinaoggi.it\/website\/wp-json\/wp\/v2\/tags?post=161052"}],"curies":[{"name":"wp","href":"https:\/\/api.w.org\/{rel}","templated":true}]}}