{"id":161031,"date":"2023-06-29T19:07:53","date_gmt":"2023-06-29T17:07:53","guid":{"rendered":"https:\/\/www.messinaoggi.it\/website\/2023\/06\/29\/banca-del-fucino-punta-sulla-personalizzazione-dei-servizi\/"},"modified":"2023-06-29T20:36:50","modified_gmt":"2023-06-29T18:36:50","slug":"banca-del-fucino-punta-sulla-personalizzazione-dei-servizi","status":"publish","type":"post","link":"https:\/\/www.messinaoggi.it\/website\/2023\/06\/29\/banca-del-fucino-punta-sulla-personalizzazione-dei-servizi\/","title":{"rendered":"Banca del Fucino punta sulla personalizzazione dei servizi"},"content":{"rendered":"<div>ROMA (ITALPRESS) &#8211; Banca del Fucino compie 100 anni: un traguardo da festeggiare con tante iniziative e con &#8220;eventi sociali e culturali&#8221;. Lo ha detto Stefano Cavalli, direttore commerciale del gruppo, in un&#8217;intervista all&#8217;agenzia Italpress. &#8220;Banca del Fucino \u00e8 la banca privata pi\u00f9 antica che \u00e8 rimasta a Roma, \u00e8 stata rilanciata negli ultimi anni e per il centenario abbiamo pensato a tantissime cose&#8221;, tra cui il Conto 100, &#8220;un regalo che vorremmo fare a tutti quelli che verranno a trovarci. Un conto che per i primi 12 mesi sar\u00e0 completamente gratuito per la clientela e, successivamente, avr\u00e0 un prezzo veramente molto basso che andr\u00e0 a premiare tutti quelli ci hanno dato fiducia&#8221;, ha spiegato.<br \/>&#8220;La fidelizzazione del cliente passa attraverso due strade. Una \u00e8 quella della specializzazione del punto vendita: la filiale \u00e8 un punto in cui il cliente trova qualcuno in grado di dare la risposta adeguata dal punto di vista professionale&#8221;. L&#8217;altra \u00e8 il &#8220;rapporto tra personale della filiale e clienti, quelli che abbiamo e quelli nuovi, che deve essere continuativo&#8221;. Ovviamente oggi le banche sono sempre pi\u00f9 digitalizzate, ma &#8220;dobbiamo distinguere tra i clienti che vogliono ancora avere un rapporto umano e quelli che vogliono la digitalizzazione &#8220;, ha sottolineato Cavalli.<br \/>Per quanto riguarda la digitalizzazione, &#8220;nell&#8217;ultimo mese abbiamo lanciato una nuova app, molto pi\u00f9 evoluta di quella precedente che, dal riscontro che abbiamo, risulta gradita dai clienti&#8221;. Senza dimenticare la tutela dell&#8217;ambiente, un tema &#8220;nel quale crediamo: ad esempio non abbiamo nessuna carta stampata&#8221;, si tratta &#8220;di un discorso ambientale ESG molto importante&#8221;. Nell&#8217;ultimo anno, ha aggiunto il manager, &#8220;siamo cresciuti molto sugli impieghi e sulla raccolta, la scommessa \u00e8 di andare sempre pi\u00f9 verso un percorso personalizzato per il cliente. Siamo tra i pochi che hanno l&#8217;ambizione di voler aprire ancora in Italia, perch\u00e8 vogliamo essere presenti sul territorio anche qualitativamente&#8221;.<br \/>Per il 2023 &#8220;dovremo essere ancora pi\u00f9 bravi. Nel 2022 siamo cresciuti molto e la scommessa \u00e8 andare sempre di pi\u00f9 verso un percorso di specializzazione e di servizio personalizzato nei confronti del cliente anche ponendoci obiettivi pi\u00f9 ambiziosi. Il gruppo ha diverse societ\u00e0 e il 2023 dev&#8217;essere l&#8217;anno in cui portiamo queste sinergie a compimento come un&#8217;unica realt\u00e0 a servizio del cliente, un passaggio di maturit\u00e0 della banca che porteremo a compimento perch\u00e8 siamo molto determinati&#8221;, ha concluso Cavalli.<div id=\"div-gpt-ad-Messinaoggi.it-DSK-300x250-corpoart\" style=\"text-align:center;margin:0 auto;\"><\/div><\/p>\n<p>&#8211; foto Italpress &#8211;<div id=\"videoincontent\" style=\"clear:both\";><\/div><\/p>\n<p>(ITALPRESS).<\/p><\/div>\n","protected":false},"excerpt":{"rendered":"<p>ROMA (ITALPRESS) &#8211; Banca del Fucino compie 100 anni: un traguardo da festeggiare con tante iniziative e con &#8220;eventi sociali e culturali&#8221;. Lo ha detto Stefano Cavalli, direttore commerciale del gruppo, in un&#8217;intervista all&#8217;agenzia Italpress. &#8220;Banca del Fucino \u00e8 la banca privata pi\u00f9 antica che \u00e8 rimasta a Roma, \u00e8 stata rilanciata negli ultimi anni [&hellip;]<\/p>\n","protected":false},"author":18,"featured_media":161032,"comment_status":"closed","ping_status":"closed","sticky":false,"template":"","format":"standard","meta":{"ub_ctt_via":"","_mi_skip_tracking":false},"categories":[446,11],"tags":[783],"featured_image_src":"https:\/\/www.messinaoggi.it\/website\/wp-content\/uploads\/2023\/06\/20230629_2047.jpg","author_info":{"display_name":"Admin","author_link":"https:\/\/www.messinaoggi.it\/website\/author\/admin\/"},"digistream_id":0,"digistream":false,"_links":{"self":[{"href":"https:\/\/www.messinaoggi.it\/website\/wp-json\/wp\/v2\/posts\/161031"}],"collection":[{"href":"https:\/\/www.messinaoggi.it\/website\/wp-json\/wp\/v2\/posts"}],"about":[{"href":"https:\/\/www.messinaoggi.it\/website\/wp-json\/wp\/v2\/types\/post"}],"author":[{"embeddable":true,"href":"https:\/\/www.messinaoggi.it\/website\/wp-json\/wp\/v2\/users\/18"}],"replies":[{"embeddable":true,"href":"https:\/\/www.messinaoggi.it\/website\/wp-json\/wp\/v2\/comments?post=161031"}],"version-history":[{"count":1,"href":"https:\/\/www.messinaoggi.it\/website\/wp-json\/wp\/v2\/posts\/161031\/revisions"}],"predecessor-version":[{"id":161050,"href":"https:\/\/www.messinaoggi.it\/website\/wp-json\/wp\/v2\/posts\/161031\/revisions\/161050"}],"wp:featuredmedia":[{"embeddable":true,"href":"https:\/\/www.messinaoggi.it\/website\/wp-json\/wp\/v2\/media\/161032"}],"wp:attachment":[{"href":"https:\/\/www.messinaoggi.it\/website\/wp-json\/wp\/v2\/media?parent=161031"}],"wp:term":[{"taxonomy":"category","embeddable":true,"href":"https:\/\/www.messinaoggi.it\/website\/wp-json\/wp\/v2\/categories?post=161031"},{"taxonomy":"post_tag","embeddable":true,"href":"https:\/\/www.messinaoggi.it\/website\/wp-json\/wp\/v2\/tags?post=161031"}],"curies":[{"name":"wp","href":"https:\/\/api.w.org\/{rel}","templated":true}]}}