{"id":160910,"date":"2023-06-29T08:08:36","date_gmt":"2023-06-29T06:08:36","guid":{"rendered":"http:\/\/www.messinaoggi.it\/website\/?p=160910"},"modified":"2023-06-29T08:29:56","modified_gmt":"2023-06-29T06:29:56","slug":"uil-fpl-bene-basile-su-servizi-ad-azienda-speciale-ma-si-proceda","status":"publish","type":"post","link":"https:\/\/www.messinaoggi.it\/website\/2023\/06\/29\/uil-fpl-bene-basile-su-servizi-ad-azienda-speciale-ma-si-proceda\/","title":{"rendered":"Uil-Fpl: &#8220;Bene Basile su servizi ad Azienda speciale, ma si proceda&#8221;"},"content":{"rendered":"\n<p>La Uil-Fpl con una nota a firma del segretario generale Livio Andronico e del coordinatore Terzo Settore Giuseppe Stella e Mari Girolamo (RSA), esprime compiacimento per le ultime novit\u00e0 proposte dal sindaco metropolitano Federico Basile, riguardo i servizi di pertinenza della Citt\u00e0 metropolitana, ma allo stesso tempo chiede che la proposta venga supportata da fatti concreti..<div id=\"div-gpt-ad-Messinaoggi.it-DSK-300x250-corpoart\" style=\"text-align:center;margin:0 auto;\"><\/div><\/p>\n\n\n\n<p>&#8220;La Uil Fpl di Messina ha apprezzato notevolmente le considerazioni del sindaco metropolitano Federico Basile, in merito al passaggio dei diversi servizi di pertinenza della Citt\u00e0\u00a0metropolitana, attualmente gestiti da diverse cooperative, da gestire tramite passaggio\u00a0 all\u2019Azienda Speciale.\u00a0 Tutto ci\u00f2, eliminerebbe le condizioni di incertezza e di precariet\u00e0 dei lavoratori, garantendo una stabilit\u00e0 reddituale che potrebbe essere vantaggiosa per i familiari\u00a0 degli stessi lavoratori, ma anche e soprattutto per i cittadini utenti.\u00a0 Attualmente, come \u00e8 ben noto i servizi di pertinenza dell\u2019Area Metropolitana sono: Assistenza all\u2019autonomia e alla comunicazione, il servizio di\u00a0 Assistenza igienico personale, ed il servizio di Trasporto degli studenti disabili nelle\u00a0 scuole superiori di Messina e Provincia.\u00a0Pertanto, la scrivente organizzazione Sindacale, al fine di poter contribuire\u00a0 positivamente alla soluzione delle problematiche su esposte, chiede un urgente\u00a0 incontro&#8221;.\u00a0<div id=\"videoincontent\" style=\"clear:both\";><\/div><\/p>\n","protected":false},"excerpt":{"rendered":"<p>La Uil-Fpl con una nota a firma del segretario generale Livio Andronico e del coordinatore Terzo Settore Giuseppe Stella e Mari Girolamo (RSA), esprime compiacimento per le ultime novit\u00e0 proposte dal sindaco metropolitano Federico Basile, riguardo i servizi di pertinenza della Citt\u00e0 metropolitana, ma allo stesso tempo chiede che la proposta venga supportata da fatti [&hellip;]<\/p>\n","protected":false},"author":2,"featured_media":155811,"comment_status":"open","ping_status":"open","sticky":false,"template":"","format":"standard","meta":{"ub_ctt_via":"","_mi_skip_tracking":false},"categories":[5],"tags":[8190,2972,2462,115],"featured_image_src":"https:\/\/www.messinaoggi.it\/website\/wp-content\/uploads\/2023\/05\/0-10.jpg","author_info":{"display_name":"Redazione","author_link":"https:\/\/www.messinaoggi.it\/website\/author\/redazione\/"},"digistream_id":0,"digistream":false,"_links":{"self":[{"href":"https:\/\/www.messinaoggi.it\/website\/wp-json\/wp\/v2\/posts\/160910"}],"collection":[{"href":"https:\/\/www.messinaoggi.it\/website\/wp-json\/wp\/v2\/posts"}],"about":[{"href":"https:\/\/www.messinaoggi.it\/website\/wp-json\/wp\/v2\/types\/post"}],"author":[{"embeddable":true,"href":"https:\/\/www.messinaoggi.it\/website\/wp-json\/wp\/v2\/users\/2"}],"replies":[{"embeddable":true,"href":"https:\/\/www.messinaoggi.it\/website\/wp-json\/wp\/v2\/comments?post=160910"}],"version-history":[{"count":2,"href":"https:\/\/www.messinaoggi.it\/website\/wp-json\/wp\/v2\/posts\/160910\/revisions"}],"predecessor-version":[{"id":160915,"href":"https:\/\/www.messinaoggi.it\/website\/wp-json\/wp\/v2\/posts\/160910\/revisions\/160915"}],"wp:featuredmedia":[{"embeddable":true,"href":"https:\/\/www.messinaoggi.it\/website\/wp-json\/wp\/v2\/media\/155811"}],"wp:attachment":[{"href":"https:\/\/www.messinaoggi.it\/website\/wp-json\/wp\/v2\/media?parent=160910"}],"wp:term":[{"taxonomy":"category","embeddable":true,"href":"https:\/\/www.messinaoggi.it\/website\/wp-json\/wp\/v2\/categories?post=160910"},{"taxonomy":"post_tag","embeddable":true,"href":"https:\/\/www.messinaoggi.it\/website\/wp-json\/wp\/v2\/tags?post=160910"}],"curies":[{"name":"wp","href":"https:\/\/api.w.org\/{rel}","templated":true}]}}