{"id":160855,"date":"2023-06-28T16:07:59","date_gmt":"2023-06-28T14:07:59","guid":{"rendered":"https:\/\/www.messinaoggi.it\/website\/2023\/06\/28\/la-commissione-ue-vara-il-quadro-giuridico-per-leuro-digitale\/"},"modified":"2023-06-28T16:07:59","modified_gmt":"2023-06-28T14:07:59","slug":"la-commissione-ue-vara-il-quadro-giuridico-per-leuro-digitale","status":"publish","type":"post","link":"https:\/\/www.messinaoggi.it\/website\/2023\/06\/28\/la-commissione-ue-vara-il-quadro-giuridico-per-leuro-digitale\/","title":{"rendered":"La Commissione Ue vara il quadro giuridico per l\u2019euro digitale"},"content":{"rendered":"<div>BRUXELLES (BELGIO) (ITALPRESS) &#8211; &#8220;La Commissione oggi ha adottato il quadro giuridico per l&#8217;introduzione dell&#8217;euro digitale&#8221;. Lo ha detto a Bruxelles il commissario europeo per gli affari economici e monetari, Paolo Gentiloni.<br \/>&#8220;Il messaggio semplice: non possiamo immaginare, in un futuro digitale, che la moneta sia dominata soltanto da privati e da criptovalute e l&#8217;assenza di un ruolo per gli Stati e per la sovranit\u00e0 monetaria&#8221;, ha aggiunto. &#8220;Quindi, anche in un mondo completamente diverso come il mondo digitale, abbiamo bisogno di una moneta basata sulla sovranit\u00e0 e sulle banche centrali: questo sar\u00e0 l&#8217;euro digitale quando nascer\u00e0&#8221;, ha chiarito Gentiloni.<br \/>&#8220;Confermiamo l&#8217;importanza del contante, perch\u00e8 nessuno deve avere l&#8217;idea che l&#8217;introduzione dell&#8217;euro digitale comporti la cancellazione del contante &#8211; ha detto ancora Gentiloni -. Possiamo limitare il contante per evitare frodi e utilizzi criminali, ma un conto \u00e8 mettere dei limiti alla quantit\u00e0, un conto \u00e8 immaginare di ridurre l&#8217;uso del contante. Quindi oggi diamo anche questo secondo messaggio: rafforziamo l&#8217;uso del contante in Europa&#8221;.<div id=\"div-gpt-ad-Messinaoggi.it-DSK-300x250-corpoart\" style=\"text-align:center;margin:0 auto;\"><\/div><\/p>\n<p>&#8211; foto Agenziafotogramma.it &#8211;<div id=\"videoincontent\" style=\"clear:both\";><\/div><\/p>\n<p>(ITALPRESS).<\/p><\/div>\n","protected":false},"excerpt":{"rendered":"<p>BRUXELLES (BELGIO) (ITALPRESS) &#8211; &#8220;La Commissione oggi ha adottato il quadro giuridico per l&#8217;introduzione dell&#8217;euro digitale&#8221;. Lo ha detto a Bruxelles il commissario europeo per gli affari economici e monetari, Paolo Gentiloni.&#8220;Il messaggio semplice: non possiamo immaginare, in un futuro digitale, che la moneta sia dominata soltanto da privati e da criptovalute e l&#8217;assenza di [&hellip;]<\/p>\n","protected":false},"author":18,"featured_media":160856,"comment_status":"closed","ping_status":"closed","sticky":false,"template":"","format":"standard","meta":{"ub_ctt_via":"","_mi_skip_tracking":false},"categories":[446],"tags":[783],"featured_image_src":"https:\/\/www.messinaoggi.it\/website\/wp-content\/uploads\/2023\/06\/20230628_1153.jpg","author_info":{"display_name":"Admin","author_link":"https:\/\/www.messinaoggi.it\/website\/author\/admin\/"},"digistream_id":0,"digistream":false,"_links":{"self":[{"href":"https:\/\/www.messinaoggi.it\/website\/wp-json\/wp\/v2\/posts\/160855"}],"collection":[{"href":"https:\/\/www.messinaoggi.it\/website\/wp-json\/wp\/v2\/posts"}],"about":[{"href":"https:\/\/www.messinaoggi.it\/website\/wp-json\/wp\/v2\/types\/post"}],"author":[{"embeddable":true,"href":"https:\/\/www.messinaoggi.it\/website\/wp-json\/wp\/v2\/users\/18"}],"replies":[{"embeddable":true,"href":"https:\/\/www.messinaoggi.it\/website\/wp-json\/wp\/v2\/comments?post=160855"}],"version-history":[{"count":0,"href":"https:\/\/www.messinaoggi.it\/website\/wp-json\/wp\/v2\/posts\/160855\/revisions"}],"wp:featuredmedia":[{"embeddable":true,"href":"https:\/\/www.messinaoggi.it\/website\/wp-json\/wp\/v2\/media\/160856"}],"wp:attachment":[{"href":"https:\/\/www.messinaoggi.it\/website\/wp-json\/wp\/v2\/media?parent=160855"}],"wp:term":[{"taxonomy":"category","embeddable":true,"href":"https:\/\/www.messinaoggi.it\/website\/wp-json\/wp\/v2\/categories?post=160855"},{"taxonomy":"post_tag","embeddable":true,"href":"https:\/\/www.messinaoggi.it\/website\/wp-json\/wp\/v2\/tags?post=160855"}],"curies":[{"name":"wp","href":"https:\/\/api.w.org\/{rel}","templated":true}]}}