{"id":16085,"date":"2018-02-23T09:20:22","date_gmt":"2018-02-23T08:20:22","guid":{"rendered":"http:\/\/www.messinaoggi.it\/website\/?p=16085"},"modified":"2018-02-23T09:20:22","modified_gmt":"2018-02-23T08:20:22","slug":"zes-bisignano-paradossale-che-messina-rimanga-fuori","status":"publish","type":"post","link":"https:\/\/www.messinaoggi.it\/website\/2018\/02\/23\/zes-bisignano-paradossale-che-messina-rimanga-fuori\/","title":{"rendered":"Zes, Bisignano: &#039;Paradossale che Messina rimanga fuori&#039;"},"content":{"rendered":"<p lang=\"it-IT\"><span style=\"color: #000000\"><span style=\"font-family: Arial, sans-serif\"><span style=\"font-size: medium\">&#8220;Mi auguro che chi rappresenta la Citt\u00e0 metropolitana di Messina assuma un&#8217;iniziativa per presentare al governo regionale una richiesta che faccia riferimento all&#8217;area ex Asi di Giammoro e alla piastra logistica di Tremestieri\u201d. Cos\u00ec Michele Bisignano, coordinatore di Labormetro, ponendo nuovamente sotto la luce dei riflettori la possibile istituzione di un polo Zes nel Messinese. Secondo quanto disposto dal decreto attuativo approvato dal Consiglio dei ministri e recepito con qualche modifica dalla conferenza Stato-Regioni lo scorso dicembre, anche la Citt\u00e0 dello Stretto potenzialmente potrebbe avere le carte in regola per veder sorgere sul proprio territorio una Zona economica speciale. Infatti, \u201ccome dispone la legge, &#8211; spiega Bisignano &#8211; le varie aree destinate a Zes debbono fare riferimento a zone portuali con i requisiti di porti core o comprehensive e, a differenza di quanto \u00e8 stato sostenuto, assumere la caratteristica di ZES interregionali\u201d.<\/span><\/span><\/span><div id=\"div-gpt-ad-Messinaoggi.it-DSK-300x250-corpoart\" style=\"text-align:center;margin:0 auto;\"><\/div><\/p>\n<p lang=\"it-IT\"><span style=\"color: #000000\"><span style=\"font-family: Arial, sans-serif\"><span style=\"font-size: medium\">Il provvedimento non indica pi\u00f9 un numero massimo di Zes, quanto piuttosto un determinato quantitativo di ettari sui quali ospitarle da assegnare ad ogni Regione sulla base di una serie di criteri: \u201cPer la Sicilia, &#8211; spiega il coordinatore di Labormetro &#8211; \u00e8 stata individuata una certa quantit\u00e0 di superficie che il governo regionale dovr\u00e0 suddividere nelle varie realt\u00e0 territoriali.<br \/>\n\u201cProbabilmente, la suddivisione dei circa 4500 ettari di superficie da destinare a Zes \u00e8 stata gi\u00e0 decisa seguendo la solita logica della &#8220;Binacria&#8221; sull&#8217;asse Catania-Palermo. \u00c8 necessario senza perdere tempo richiedere con forza al Presidente della Regione che una parte di questi volumi di superficie facciano riferimento al nostro territorio provinciale. Anche perch\u00e9 sarebbe paradossale che proprio il nostro territorio per il quale &#8211; prima ancora della promulgazione della Legge &#8211; era stata presentata una proposta per l&#8217;istituzione di una Zes da parte del Senatore Mancuso e dell&#8217;Onorevole Garofalo rimanga fuori\u201d.<br \/>\n<\/span><\/span><\/span><div id=\"videoincontent\" style=\"clear:both\";><\/div><\/p>\n","protected":false},"excerpt":{"rendered":"<p>&#8220;Mi auguro che chi rappresenta la Citt\u00e0 metropolitana di Messina assuma un&#8217;iniziativa per presentare al governo regionale una richiesta che faccia riferimento all&#8217;area ex Asi di Giammoro e alla piastra logistica di Tremestieri\u201d. Cos\u00ec Michele Bisignano, coordinatore di Labormetro, ponendo nuovamente sotto la luce dei riflettori la possibile istituzione di un polo Zes nel Messinese. [&hellip;]<\/p>\n","protected":false},"author":8,"featured_media":5269,"comment_status":"closed","ping_status":"open","sticky":false,"template":"","format":"standard","meta":{"ub_ctt_via":"","_mi_skip_tracking":false},"categories":[6],"tags":[],"featured_image_src":"https:\/\/www.messinaoggi.it\/website\/wp-content\/uploads\/2017\/07\/porto-di-tremestieri-3.jpg","author_info":{"display_name":"red..me","author_link":"https:\/\/www.messinaoggi.it\/website\/author\/redstage\/"},"digistream_id":0,"digistream":false,"_links":{"self":[{"href":"https:\/\/www.messinaoggi.it\/website\/wp-json\/wp\/v2\/posts\/16085"}],"collection":[{"href":"https:\/\/www.messinaoggi.it\/website\/wp-json\/wp\/v2\/posts"}],"about":[{"href":"https:\/\/www.messinaoggi.it\/website\/wp-json\/wp\/v2\/types\/post"}],"author":[{"embeddable":true,"href":"https:\/\/www.messinaoggi.it\/website\/wp-json\/wp\/v2\/users\/8"}],"replies":[{"embeddable":true,"href":"https:\/\/www.messinaoggi.it\/website\/wp-json\/wp\/v2\/comments?post=16085"}],"version-history":[{"count":0,"href":"https:\/\/www.messinaoggi.it\/website\/wp-json\/wp\/v2\/posts\/16085\/revisions"}],"wp:featuredmedia":[{"embeddable":true,"href":"https:\/\/www.messinaoggi.it\/website\/wp-json\/wp\/v2\/media\/5269"}],"wp:attachment":[{"href":"https:\/\/www.messinaoggi.it\/website\/wp-json\/wp\/v2\/media?parent=16085"}],"wp:term":[{"taxonomy":"category","embeddable":true,"href":"https:\/\/www.messinaoggi.it\/website\/wp-json\/wp\/v2\/categories?post=16085"},{"taxonomy":"post_tag","embeddable":true,"href":"https:\/\/www.messinaoggi.it\/website\/wp-json\/wp\/v2\/tags?post=16085"}],"curies":[{"name":"wp","href":"https:\/\/api.w.org\/{rel}","templated":true}]}}