{"id":160821,"date":"2023-06-28T13:40:14","date_gmt":"2023-06-28T11:40:14","guid":{"rendered":"http:\/\/www.messinaoggi.it\/website\/?p=160821"},"modified":"2023-06-28T13:40:17","modified_gmt":"2023-06-28T11:40:17","slug":"sversa-rifiuti-pericolosi-sul-torrente-mela-denunciato","status":"publish","type":"post","link":"https:\/\/www.messinaoggi.it\/website\/2023\/06\/28\/sversa-rifiuti-pericolosi-sul-torrente-mela-denunciato\/","title":{"rendered":"Sversa rifiuti pericolosi sul torrente Mela, denunciato"},"content":{"rendered":"\n<p>Nella mattinata del 27 giugno 2023, i Carabinieri della Sezione Radiomobile della Compagnia di Milazzo hanno denunciato un 55enne del luogo, gi\u00e0 noto alle Forze dell\u2019Ordine, per <em>attivit\u00e0 di gestione illecita di rifiuti.<\/em><div id=\"div-gpt-ad-Messinaoggi.it-DSK-300x250-corpoart\" style=\"text-align:center;margin:0 auto;\"><\/div><\/p>\n\n\n\n<p>Durante un servizio di pattuglia, i militari dell\u2019Arma hanno sorpreso un uomo che da un autocarro stava scaricando rifiuti, pericolosi e non, consistenti in vecchi elettrodomestici, parti di mobili, materiale ferroso, tubi di plastica ed altro ancora, sversandoli nell\u2019alveo del torrente Mela. Intervenuti nell\u2019immediatezza, i Carabinieri hanno bloccato il responsabile e sottoposto a sequestro penale l\u2019autocarro con il carico dei rifiuti. Il 55enne sar\u00e0 denunciato alla competente Autorit\u00e0 Giudiziaria per il reato ambientale di <em>attivit\u00e0 di gestione illecita di rifiuti.<\/em><div id=\"videoincontent\" style=\"clear:both\";><\/div><\/p>\n\n\n\n<p>Il controllo per la tutela dell\u2019ambiente \u00e8 una delle priorit\u00e0 delle attivit\u00e0 preventive e di contrasto poste in essere dai Carabinieri del Comando Provinciale di Messina, tenuto conto delle gravi conseguenze che gli illeciti nel settore possono provocare al territorio.<\/p>\n","protected":false},"excerpt":{"rendered":"<p>Nella mattinata del 27 giugno 2023, i Carabinieri della Sezione Radiomobile della Compagnia di Milazzo hanno denunciato un 55enne del luogo, gi\u00e0 noto alle Forze dell\u2019Ordine, per attivit\u00e0 di gestione illecita di rifiuti. Durante un servizio di pattuglia, i militari dell\u2019Arma hanno sorpreso un uomo che da un autocarro stava scaricando rifiuti, pericolosi e non, [&hellip;]<\/p>\n","protected":false},"author":15,"featured_media":160822,"comment_status":"open","ping_status":"open","sticky":false,"template":"","format":"standard","meta":{"ub_ctt_via":"","_mi_skip_tracking":false},"categories":[1],"tags":[5665],"featured_image_src":"https:\/\/www.messinaoggi.it\/website\/wp-content\/uploads\/2023\/06\/CC-rifiuti.jpg","author_info":{"display_name":"red.me","author_link":"https:\/\/www.messinaoggi.it\/website\/author\/red-me\/"},"digistream_id":0,"digistream":false,"_links":{"self":[{"href":"https:\/\/www.messinaoggi.it\/website\/wp-json\/wp\/v2\/posts\/160821"}],"collection":[{"href":"https:\/\/www.messinaoggi.it\/website\/wp-json\/wp\/v2\/posts"}],"about":[{"href":"https:\/\/www.messinaoggi.it\/website\/wp-json\/wp\/v2\/types\/post"}],"author":[{"embeddable":true,"href":"https:\/\/www.messinaoggi.it\/website\/wp-json\/wp\/v2\/users\/15"}],"replies":[{"embeddable":true,"href":"https:\/\/www.messinaoggi.it\/website\/wp-json\/wp\/v2\/comments?post=160821"}],"version-history":[{"count":1,"href":"https:\/\/www.messinaoggi.it\/website\/wp-json\/wp\/v2\/posts\/160821\/revisions"}],"predecessor-version":[{"id":160823,"href":"https:\/\/www.messinaoggi.it\/website\/wp-json\/wp\/v2\/posts\/160821\/revisions\/160823"}],"wp:featuredmedia":[{"embeddable":true,"href":"https:\/\/www.messinaoggi.it\/website\/wp-json\/wp\/v2\/media\/160822"}],"wp:attachment":[{"href":"https:\/\/www.messinaoggi.it\/website\/wp-json\/wp\/v2\/media?parent=160821"}],"wp:term":[{"taxonomy":"category","embeddable":true,"href":"https:\/\/www.messinaoggi.it\/website\/wp-json\/wp\/v2\/categories?post=160821"},{"taxonomy":"post_tag","embeddable":true,"href":"https:\/\/www.messinaoggi.it\/website\/wp-json\/wp\/v2\/tags?post=160821"}],"curies":[{"name":"wp","href":"https:\/\/api.w.org\/{rel}","templated":true}]}}