{"id":16076,"date":"2018-02-22T21:02:45","date_gmt":"2018-02-22T20:02:45","guid":{"rendered":"http:\/\/www.messinaoggi.it\/website\/?p=16076"},"modified":"2018-02-22T21:02:45","modified_gmt":"2018-02-22T20:02:45","slug":"maltempo-allerta-arancione-su-messina-e-provincia","status":"publish","type":"post","link":"https:\/\/www.messinaoggi.it\/website\/2018\/02\/22\/maltempo-allerta-arancione-su-messina-e-provincia\/","title":{"rendered":"Maltempo, allerta arancione su Messina e provincia"},"content":{"rendered":"<p>Mentre il Settentrione batte i denti per l&#8217;ondata di gelo proveniente dalla Siberia, il Meridione e la Sicilia sono interessati da un&#8217;ondata di maltempo che, secondo i meteorologi, dovrebbe portare anche ad intense precipitazioni.<br \/>\nLa sala operativa della Protezione civile regionale ha comunicato, sulla scorta del bollettino di vigilanza meteorologico nazionale, un livello di criticit\u00e0 moderata per rischio idrogeologico ed idraulico per temporali per i Comuni delle zone di allerta A (versante Tirrenico) ed I (Versante Jonico).<br \/>\nLivello di allerta arancione e fase operativa di preallarme con avverse condizioni meteo a partire dalla mezzanotte del 23 febbraio. Previste precipitazioni a carattere di rovescio o temporale, i fenomeni saranno accompagnati da rovesci di forte intensit\u00e0 e frequente attivit\u00e0 elettrica. Possibili mareggiate sulla costa jonica e tirrenica della provincia di Messina.<br \/>\nAl momento non \u00e8 prevista nessuna interruzione delle attivit\u00e0. Se necessario seguiranno messaggi del sistema Alert System ed Info Sms. Tale segnalazione rientra nelle attivit\u00e0 di prevenzione ed informazione, nel territorio comunale, della popolazione per una maggiore consapevolezza degli eventuali rischi.<br \/>\nSi raccomanda comunque di non sostare nei piani seminterrati e bassi degli edifici, nei sottopassi e di non transitare e\/o sostare nelle zone facilmente allagabili e\/o nei torrenti e negli impluvi.<br \/>\nLe norme di comportamento di auto protezione per rischio alluvioni e frane sono visionabili presso il sito ufficiale internet del Comune di Messina \u2013 Servizio Protezione civile.<div id=\"div-gpt-ad-Messinaoggi.it-DSK-300x250-corpoart\" style=\"text-align:center;margin:0 auto;\"><\/div><\/p>\n<div id=\"videoincontent\" style=\"clear:both\";><\/div>","protected":false},"excerpt":{"rendered":"<p>Mentre il Settentrione batte i denti per l&#8217;ondata di gelo proveniente dalla Siberia, il Meridione e la Sicilia sono interessati da un&#8217;ondata di maltempo che, secondo i meteorologi, dovrebbe portare anche ad intense precipitazioni. La sala operativa della Protezione civile regionale ha comunicato, sulla scorta del bollettino di vigilanza meteorologico nazionale, un livello di criticit\u00e0 [&hellip;]<\/p>\n","protected":false},"author":2,"featured_media":16078,"comment_status":"closed","ping_status":"open","sticky":false,"template":"","format":"standard","meta":{"ub_ctt_via":"","_mi_skip_tracking":false},"categories":[6],"tags":[],"featured_image_src":"https:\/\/www.messinaoggi.it\/website\/wp-content\/uploads\/2018\/02\/mareggiata-maltempo-1.jpg","author_info":{"display_name":"Redazione","author_link":"https:\/\/www.messinaoggi.it\/website\/author\/redazione\/"},"digistream_id":0,"digistream":false,"_links":{"self":[{"href":"https:\/\/www.messinaoggi.it\/website\/wp-json\/wp\/v2\/posts\/16076"}],"collection":[{"href":"https:\/\/www.messinaoggi.it\/website\/wp-json\/wp\/v2\/posts"}],"about":[{"href":"https:\/\/www.messinaoggi.it\/website\/wp-json\/wp\/v2\/types\/post"}],"author":[{"embeddable":true,"href":"https:\/\/www.messinaoggi.it\/website\/wp-json\/wp\/v2\/users\/2"}],"replies":[{"embeddable":true,"href":"https:\/\/www.messinaoggi.it\/website\/wp-json\/wp\/v2\/comments?post=16076"}],"version-history":[{"count":0,"href":"https:\/\/www.messinaoggi.it\/website\/wp-json\/wp\/v2\/posts\/16076\/revisions"}],"wp:featuredmedia":[{"embeddable":true,"href":"https:\/\/www.messinaoggi.it\/website\/wp-json\/wp\/v2\/media\/16078"}],"wp:attachment":[{"href":"https:\/\/www.messinaoggi.it\/website\/wp-json\/wp\/v2\/media?parent=16076"}],"wp:term":[{"taxonomy":"category","embeddable":true,"href":"https:\/\/www.messinaoggi.it\/website\/wp-json\/wp\/v2\/categories?post=16076"},{"taxonomy":"post_tag","embeddable":true,"href":"https:\/\/www.messinaoggi.it\/website\/wp-json\/wp\/v2\/tags?post=16076"}],"curies":[{"name":"wp","href":"https:\/\/api.w.org\/{rel}","templated":true}]}}