{"id":16074,"date":"2018-02-22T20:45:03","date_gmt":"2018-02-22T19:45:03","guid":{"rendered":"http:\/\/www.messinaoggi.it\/website\/?p=16074"},"modified":"2018-02-22T20:45:03","modified_gmt":"2018-02-22T19:45:03","slug":"michela-giuffrida-non-sono-contraria-al-ponte-ma-servono-infrastrutture","status":"publish","type":"post","link":"https:\/\/www.messinaoggi.it\/website\/2018\/02\/22\/michela-giuffrida-non-sono-contraria-al-ponte-ma-servono-infrastrutture\/","title":{"rendered":"Michela Giuffrida: &quot;Non sono contraria al Ponte, ma servono infrastrutture&quot;"},"content":{"rendered":"<p>&#8220;Io non sono contraria al Ponte per partito preso, ma servono infrastrutture. La priorit\u00e0 sono strade e autostrade che rendono meno isolata questa terra&#8221;. Lo ha detto l&#8217;eurodeputata del Partito democratico, Michela Giuffrida, a Messina, per la campagna elettorale per le prossime elezioni politiche.<br \/>\nL&#8217;esponente del Pd ha parlato anche del tema migranti: &#8220;Siamo stati coerenti, abbiamo dato aiuto dando un segnale di grande umanit\u00e0. E&#8217; vero che in una prima fase l&#8217;Europa ci ha lasciati un po&#8217; da soli, ma non \u00e8 vero che \u00e8 in atto quell&#8217;invasione di cui parla quella politica che su questo tema gioca sporco. La priorit\u00e0 \u00e8 migliorare la vita degli italiani e i migranti non saranno mai dei loro competitors&#8221;.<div id=\"div-gpt-ad-Messinaoggi.it-DSK-300x250-corpoart\" style=\"text-align:center;margin:0 auto;\"><\/div><\/p>\n<div id=\"videoincontent\" style=\"clear:both\";><\/div>","protected":false},"excerpt":{"rendered":"<p>&#8220;Io non sono contraria al Ponte per partito preso, ma servono infrastrutture. La priorit\u00e0 sono strade e autostrade che rendono meno isolata questa terra&#8221;. Lo ha detto l&#8217;eurodeputata del Partito democratico, Michela Giuffrida, a Messina, per la campagna elettorale per le prossime elezioni politiche. L&#8217;esponente del Pd ha parlato anche del tema migranti: &#8220;Siamo stati [&hellip;]<\/p>\n","protected":false},"author":2,"featured_media":2146,"comment_status":"closed","ping_status":"open","sticky":false,"template":"","format":"standard","meta":{"ub_ctt_via":"","_mi_skip_tracking":false},"categories":[11],"tags":[],"featured_image_src":"https:\/\/www.messinaoggi.it\/website\/wp-content\/uploads\/2017\/06\/A18-svincolo-roccalumera-2.jpg","author_info":{"display_name":"Redazione","author_link":"https:\/\/www.messinaoggi.it\/website\/author\/redazione\/"},"digistream_id":0,"digistream":false,"_links":{"self":[{"href":"https:\/\/www.messinaoggi.it\/website\/wp-json\/wp\/v2\/posts\/16074"}],"collection":[{"href":"https:\/\/www.messinaoggi.it\/website\/wp-json\/wp\/v2\/posts"}],"about":[{"href":"https:\/\/www.messinaoggi.it\/website\/wp-json\/wp\/v2\/types\/post"}],"author":[{"embeddable":true,"href":"https:\/\/www.messinaoggi.it\/website\/wp-json\/wp\/v2\/users\/2"}],"replies":[{"embeddable":true,"href":"https:\/\/www.messinaoggi.it\/website\/wp-json\/wp\/v2\/comments?post=16074"}],"version-history":[{"count":0,"href":"https:\/\/www.messinaoggi.it\/website\/wp-json\/wp\/v2\/posts\/16074\/revisions"}],"wp:featuredmedia":[{"embeddable":true,"href":"https:\/\/www.messinaoggi.it\/website\/wp-json\/wp\/v2\/media\/2146"}],"wp:attachment":[{"href":"https:\/\/www.messinaoggi.it\/website\/wp-json\/wp\/v2\/media?parent=16074"}],"wp:term":[{"taxonomy":"category","embeddable":true,"href":"https:\/\/www.messinaoggi.it\/website\/wp-json\/wp\/v2\/categories?post=16074"},{"taxonomy":"post_tag","embeddable":true,"href":"https:\/\/www.messinaoggi.it\/website\/wp-json\/wp\/v2\/tags?post=16074"}],"curies":[{"name":"wp","href":"https:\/\/api.w.org\/{rel}","templated":true}]}}