{"id":160626,"date":"2023-06-27T12:07:52","date_gmt":"2023-06-27T10:07:52","guid":{"rendered":"https:\/\/www.messinaoggi.it\/website\/2023\/06\/27\/figc-e-viminale-insieme-contro-lantisemitismo-nel-calcio\/"},"modified":"2023-06-27T12:07:52","modified_gmt":"2023-06-27T10:07:52","slug":"figc-e-viminale-insieme-contro-lantisemitismo-nel-calcio","status":"publish","type":"post","link":"https:\/\/www.messinaoggi.it\/website\/2023\/06\/27\/figc-e-viminale-insieme-contro-lantisemitismo-nel-calcio\/","title":{"rendered":"Figc e Viminale insieme contro l\u2019antisemitismo nel calcio"},"content":{"rendered":"<div>ROMA (ITALPRESS) &#8211; Combattere l&#8217;antisemitismo nel calcio per estirpare un fenomeno ancora troppo presente negli stadi italiani. E&#8217; questo l&#8217;obiettivo della dichiarazione d&#8217;intenti per la lotta all&#8217;antisemitismo nel calcio firmata al Viminale dal ministro per lo Sport e i giovani, Andrea Abodi, dal ministro dell&#8217;Interno, Matteo Piantedosi, e dal coordinatore nazionale per la lotta contro l&#8217;antisemitismo, Giuseppe Pecoraro. Un accordo dal &#8220;grande valore simbolico e non solo, per il mondo dello sport, per i valori che incarna e che ha evocato. Sul tema dell&#8217;antisemitismo c&#8217;\u00e8 ancora tanto da fare nel mondo dello sport e sono molto contento di questo accordo&#8221; che risolve anche &#8220;ogni dubbio circa la refrattariet\u00e0 del mondo dello sport su questo tema&#8221;, le parole di Piantedosi che sottolineano la voglia da parte del Governo di fornire un supporto concreto per contrastare attivamente il fenomeno. &#8220;Questa \u00e8 una tappa di transito di un percorso operativo. Vogliamo dare seguito alle parole passando ai fatti. Bisogna superare qualsiasi equivoco sull&#8217;impegno, i contenuti che abbiamo inserito in questa dichiarazione di intenti che ci impegna non solo moralmente sono esaustivi in termini di qualit\u00e0 del salto che dobbiamo fare&#8221;, ha proseguito Abodi. Nel documento, infatti, sono presenti vari impegni importanti come il non assegnare il numero 88 ai calciatori, vietare l&#8217;utilizzo alle tifoserie di simboli che possano richiamare al nazismo, definire le modalit\u00e0 con le quali dovranno essere disposte le interruzioni delle partite, verificare il rispetto dell&#8217;assegnazione nominale dei posti negli stadi. Inoltre ci sar\u00e0 anche una valorizzazione del comportamento pro attivo delle societ\u00e0 nell&#8217;applicazione di queste misure. &#8220;Questo \u00e8 un documento concreto che pu\u00f2 dare grandi risultati. L&#8217;auspicio \u00e8 che il risultato raggiunto trovi un&#8217;applicazione adeguata e che possa essere compreso lo spirito per evitare che ci siano situazioni sui campi difficili da regolare&#8221;, ha detto Pecoraro. Un impegno che vedr\u00e0 coinvolta anche la Figc, pronta a portare avanti la battaglia &#8220;a nome di tutto il mondo del calcio. Un impegno solenne che vogliamo rispettare, fatto di tante cose concrete. Il nostro mondo \u00e8 fatto di societ\u00e0 e tesserati che raggiungono ogni parte del territorio, riuscire a coinvolgerli e responsabilizzarli \u00e8 una sfida ambiziosa ma a portata di mano&#8221;, ha concluso Marco Brunelli, segretario della Figc.<br \/>&#8211; Foto Image &#8211;<br \/>(ITALPRESS).<\/div>\n<div id=\"div-gpt-ad-Messinaoggi.it-DSK-300x250-corpoart\" style=\"text-align:center;margin:0 auto;\"><\/div><\/p><div id=\"videoincontent\" style=\"clear:both\";><\/div>","protected":false},"excerpt":{"rendered":"<p>ROMA (ITALPRESS) &#8211; Combattere l&#8217;antisemitismo nel calcio per estirpare un fenomeno ancora troppo presente negli stadi italiani. E&#8217; questo l&#8217;obiettivo della dichiarazione d&#8217;intenti per la lotta all&#8217;antisemitismo nel calcio firmata al Viminale dal ministro per lo Sport e i giovani, Andrea Abodi, dal ministro dell&#8217;Interno, Matteo Piantedosi, e dal coordinatore nazionale per la lotta contro [&hellip;]<\/p>\n","protected":false},"author":18,"featured_media":160627,"comment_status":"closed","ping_status":"closed","sticky":false,"template":"","format":"standard","meta":{"ub_ctt_via":"","_mi_skip_tracking":false},"categories":[446],"tags":[783],"featured_image_src":"https:\/\/www.messinaoggi.it\/website\/wp-content\/uploads\/2023\/06\/20230627_0241.jpg","author_info":{"display_name":"Admin","author_link":"https:\/\/www.messinaoggi.it\/website\/author\/admin\/"},"digistream_id":0,"digistream":false,"_links":{"self":[{"href":"https:\/\/www.messinaoggi.it\/website\/wp-json\/wp\/v2\/posts\/160626"}],"collection":[{"href":"https:\/\/www.messinaoggi.it\/website\/wp-json\/wp\/v2\/posts"}],"about":[{"href":"https:\/\/www.messinaoggi.it\/website\/wp-json\/wp\/v2\/types\/post"}],"author":[{"embeddable":true,"href":"https:\/\/www.messinaoggi.it\/website\/wp-json\/wp\/v2\/users\/18"}],"replies":[{"embeddable":true,"href":"https:\/\/www.messinaoggi.it\/website\/wp-json\/wp\/v2\/comments?post=160626"}],"version-history":[{"count":0,"href":"https:\/\/www.messinaoggi.it\/website\/wp-json\/wp\/v2\/posts\/160626\/revisions"}],"wp:featuredmedia":[{"embeddable":true,"href":"https:\/\/www.messinaoggi.it\/website\/wp-json\/wp\/v2\/media\/160627"}],"wp:attachment":[{"href":"https:\/\/www.messinaoggi.it\/website\/wp-json\/wp\/v2\/media?parent=160626"}],"wp:term":[{"taxonomy":"category","embeddable":true,"href":"https:\/\/www.messinaoggi.it\/website\/wp-json\/wp\/v2\/categories?post=160626"},{"taxonomy":"post_tag","embeddable":true,"href":"https:\/\/www.messinaoggi.it\/website\/wp-json\/wp\/v2\/tags?post=160626"}],"curies":[{"name":"wp","href":"https:\/\/api.w.org\/{rel}","templated":true}]}}