{"id":160624,"date":"2023-06-27T11:07:53","date_gmt":"2023-06-27T09:07:53","guid":{"rendered":"https:\/\/www.messinaoggi.it\/website\/2023\/06\/27\/mobilita-milano-serravalle-accelera-sulla-multimodalita\/"},"modified":"2023-06-27T11:07:53","modified_gmt":"2023-06-27T09:07:53","slug":"mobilita-milano-serravalle-accelera-sulla-multimodalita","status":"publish","type":"post","link":"https:\/\/www.messinaoggi.it\/website\/2023\/06\/27\/mobilita-milano-serravalle-accelera-sulla-multimodalita\/","title":{"rendered":"Mobilit\u00e0, Milano Serravalle accelera sulla multimodalit\u00e0"},"content":{"rendered":"<div>MILANO (ITALPRESS) &#8211; C&#8217;\u00e8 stata anche la mobilit\u00e0 intelligente tra i temi al centro della ventesima edizione di &#8220;Futuro Direzione Nord&#8221;, l&#8217;iniziativa organizzata da Fondazione Stelline insieme a Inrete e all&#8217;Associazione &#8220;Italiastatodidiritto&#8221; con il contributo di Regione Lombardia e il patrocinio del Comune di Milano. Hanno partecipato tra gli altri anche i vertici di Milano Serravalle &#8211; Milano Tangenziali. L&#8217;azienda, in particolare, ha portato all&#8217;attenzione della platea e degli altri relatori, tra i quali anche i ministri Daniela Santanch\u00e8, Paolo Zangrillo e Giuseppe Valditara, la sua esperienza nell&#8217;ambito della smart mobility e della mobilit\u00e0 multimodale.<br \/>&#8220;La mobilit\u00e0 multimodale per Milano Serravalle-Milano Tangenziali \u00e8 una sfida nella quale siamo fortemente impegati &#8211; ha commentato l&#8217;amministratore delegato del gruppo, Pietro Boiardi -. La nostra rete ha due anime: \u00e8 una rete autostradale, ma anche un sistema delle tangenziali milanesi che hanno una loro particolare somma di peculiarit\u00e0 e unicit\u00e0: ci occupiamo di investire e pensare a soluzioni in direzioni diverse, sia dal punto di vista logistico e fisico, pensando ad esempio a parcheggi intermodali dove si possono scambiare mezzi di trasporto, ma a strutture intelligenti come sistemi di controllo del traffico, sistemi di monitoraggio delle nostre infrastrutture e applicazioni a vantaggio degli utenti. Soluzioni che consentono di condividere in tempo reale informazioni sul traffico, suggerimenti su percorsi alternativi e addirittura indicazioni su dove e come poter cambiare mezzo di trasporto. La sintesi \u00e8 che si deve sempre mirare a una connessione maggiore fra reti infrastrutturali in modo tale che ci sia per l&#8217;utente un&#8217;esperienza senza soluzioni di continuit\u00e0&#8221;.<br \/>Il presidente di Milano Serravalle-Milano Tangenziali, Beniamino Lo Presti, ha sottolineato invece l&#8217;importanza della cosiddetta &#8220;smart mobility&#8221; per l&#8217;azienda.<br \/>&#8220;Milano Serravalle sta predisponendo tutte le azioni per conformare in modo pieno e compiuto il concetto di smart mobility &#8211; ha detto -. Tra le varie iniziative, la sistemazione di impianti di ricarica elettrica fast charge o la installazione di cinque stazioni di rifornimento ad idrogeno per i mezzi pesanti&#8221;. &#8220;L&#8217;iniziativa di particolare valore, addirittura avveniristica, quasi mai sperimentata in precedenza in Italia, \u00e8 il progetto Smart Road &#8211; ha aggiunto -: un poderoso, articolato processo di digitalizzazione di tutta la rete autostradale che consente di raggiungere obiettivi di particolare rilevanza e valore. Tra questi la possibilit\u00e0 di analizzare in modo predittivo il traffico, con un sistema che consenta e permetta di evitare disagi, ingorghi, blocchi, attraverso la possibilit\u00e0 di suggerire delle uscite dedicate, di utilizzare una velocit\u00e0 tale che consenta di mitigare i disagi possibili, ma anche la ulteriore potenzialit\u00e0 di intervenire in termini di sicurezza perch\u00e8 attraverso un sistema che \u00e8 chiamato Anpr (Automatic number-plate recognition), si possono osservare comportamenti scorretti, innalzando il livello della sicurezza stradale che \u00e8 coniugato con quello della smart mobility&#8221;.<div id=\"div-gpt-ad-Messinaoggi.it-DSK-300x250-corpoart\" style=\"text-align:center;margin:0 auto;\"><\/div><\/p>\n<p>&#8211; foto ufficio stampa Milano Serravalle &#8211;<br \/>(ITALPRESS).<\/div>\n<div id=\"videoincontent\" style=\"clear:both\";><\/div>","protected":false},"excerpt":{"rendered":"<p>MILANO (ITALPRESS) &#8211; C&#8217;\u00e8 stata anche la mobilit\u00e0 intelligente tra i temi al centro della ventesima edizione di &#8220;Futuro Direzione Nord&#8221;, l&#8217;iniziativa organizzata da Fondazione Stelline insieme a Inrete e all&#8217;Associazione &#8220;Italiastatodidiritto&#8221; con il contributo di Regione Lombardia e il patrocinio del Comune di Milano. Hanno partecipato tra gli altri anche i vertici di Milano [&hellip;]<\/p>\n","protected":false},"author":18,"featured_media":160625,"comment_status":"closed","ping_status":"closed","sticky":false,"template":"","format":"standard","meta":{"ub_ctt_via":"","_mi_skip_tracking":false},"categories":[446],"tags":[783],"featured_image_src":"https:\/\/www.messinaoggi.it\/website\/wp-content\/uploads\/2023\/06\/20230627_0116.jpg","author_info":{"display_name":"Admin","author_link":"https:\/\/www.messinaoggi.it\/website\/author\/admin\/"},"digistream_id":0,"digistream":false,"_links":{"self":[{"href":"https:\/\/www.messinaoggi.it\/website\/wp-json\/wp\/v2\/posts\/160624"}],"collection":[{"href":"https:\/\/www.messinaoggi.it\/website\/wp-json\/wp\/v2\/posts"}],"about":[{"href":"https:\/\/www.messinaoggi.it\/website\/wp-json\/wp\/v2\/types\/post"}],"author":[{"embeddable":true,"href":"https:\/\/www.messinaoggi.it\/website\/wp-json\/wp\/v2\/users\/18"}],"replies":[{"embeddable":true,"href":"https:\/\/www.messinaoggi.it\/website\/wp-json\/wp\/v2\/comments?post=160624"}],"version-history":[{"count":0,"href":"https:\/\/www.messinaoggi.it\/website\/wp-json\/wp\/v2\/posts\/160624\/revisions"}],"wp:featuredmedia":[{"embeddable":true,"href":"https:\/\/www.messinaoggi.it\/website\/wp-json\/wp\/v2\/media\/160625"}],"wp:attachment":[{"href":"https:\/\/www.messinaoggi.it\/website\/wp-json\/wp\/v2\/media?parent=160624"}],"wp:term":[{"taxonomy":"category","embeddable":true,"href":"https:\/\/www.messinaoggi.it\/website\/wp-json\/wp\/v2\/categories?post=160624"},{"taxonomy":"post_tag","embeddable":true,"href":"https:\/\/www.messinaoggi.it\/website\/wp-json\/wp\/v2\/tags?post=160624"}],"curies":[{"name":"wp","href":"https:\/\/api.w.org\/{rel}","templated":true}]}}