{"id":160614,"date":"2023-06-27T10:07:58","date_gmt":"2023-06-27T08:07:58","guid":{"rendered":"https:\/\/www.messinaoggi.it\/website\/2023\/06\/27\/ustica-mattarella-rispondere-al-bisogno-di-verita-e-giustizia\/"},"modified":"2023-06-27T10:13:11","modified_gmt":"2023-06-27T08:13:11","slug":"ustica-mattarella-rispondere-al-bisogno-di-verita-e-giustizia","status":"publish","type":"post","link":"https:\/\/www.messinaoggi.it\/website\/2023\/06\/27\/ustica-mattarella-rispondere-al-bisogno-di-verita-e-giustizia\/","title":{"rendered":"Ustica, Mattarella \u201cRispondere al bisogno di verit\u00e0 e giustizia\u201d"},"content":{"rendered":"<div>ROMA (ITALPRESS) &#8211; &#8220;La sera del 27 giugno di 43 anni or sono venne scritta una delle pagine pi\u00f9 dolorose e buie della nostra recente storia. Un aereo di linea in viaggio da Bologna a Palermo, con 81 persone a bordo, di cui 13 bambini, precipit\u00f2 nel mare vicino Ustica senza lasciare scampo a nessuno. Fu una tragedia immane. La Repubblica \u00e8 vicina ai familiari delle vittime ed \u00e8 partecipe del loro insuperabile dolore. La memoria continua a sollecitare solidariet\u00e0 e impegno comune&#8221;. Cos\u00ec il presidente della Repubblica, Sergio Mattarella, in occasione del 43\u00b0 anniversario della strage di Ustica. &#8220;Quando avvenne la tragedia, una cappa oscur\u00f2 circostanze e responsabilit\u00e0. Fu difficile aprire varchi alla verit\u00e0 sulla strage; anche a causa di opacit\u00e0 e ambiguit\u00e0. L&#8217;impegno dei familiari \u00e8 stato prezioso&#8221;, aggiunge il capo dello Stato. &#8220;Alla loro tenacia e alla professionalit\u00e0 di donne e uomini delle istituzioni si devono i passi avanti compiuti per smentire l&#8217;ipotesi iniziale di un cedimento strutturale del velivolo e ricostruire la dinamica degli eventi. Una completa verit\u00e0 non \u00e8 stata pienamente raggiunta nelle sedi proprie e questo rappresenta ancora una ferita per la sensibilit\u00e0 dei cittadini. I risultati ottenuti spingono a non desistere, a ricercare i tasselli mancanti, a superare le contraddizioni e rispondere cos\u00ec al bisogno di verit\u00e0 e giustizia&#8221;, conclude Mattarella.<br \/>(ITALPRESS).<br \/>-foto Quirinale-<\/div>\n<div id=\"div-gpt-ad-Messinaoggi.it-DSK-300x250-corpoart\" style=\"text-align:center;margin:0 auto;\"><\/div><\/p><div id=\"videoincontent\" style=\"clear:both\";><\/div>","protected":false},"excerpt":{"rendered":"<p>ROMA (ITALPRESS) &#8211; &#8220;La sera del 27 giugno di 43 anni or sono venne scritta una delle pagine pi\u00f9 dolorose e buie della nostra recente storia. Un aereo di linea in viaggio da Bologna a Palermo, con 81 persone a bordo, di cui 13 bambini, precipit\u00f2 nel mare vicino Ustica senza lasciare scampo a nessuno. [&hellip;]<\/p>\n","protected":false},"author":18,"featured_media":160615,"comment_status":"closed","ping_status":"closed","sticky":false,"template":"","format":"standard","meta":{"ub_ctt_via":"","_mi_skip_tracking":false},"categories":[446,4],"tags":[783],"featured_image_src":"https:\/\/www.messinaoggi.it\/website\/wp-content\/uploads\/2023\/06\/20230627_0085.jpg","author_info":{"display_name":"Admin","author_link":"https:\/\/www.messinaoggi.it\/website\/author\/admin\/"},"digistream_id":0,"digistream":false,"_links":{"self":[{"href":"https:\/\/www.messinaoggi.it\/website\/wp-json\/wp\/v2\/posts\/160614"}],"collection":[{"href":"https:\/\/www.messinaoggi.it\/website\/wp-json\/wp\/v2\/posts"}],"about":[{"href":"https:\/\/www.messinaoggi.it\/website\/wp-json\/wp\/v2\/types\/post"}],"author":[{"embeddable":true,"href":"https:\/\/www.messinaoggi.it\/website\/wp-json\/wp\/v2\/users\/18"}],"replies":[{"embeddable":true,"href":"https:\/\/www.messinaoggi.it\/website\/wp-json\/wp\/v2\/comments?post=160614"}],"version-history":[{"count":1,"href":"https:\/\/www.messinaoggi.it\/website\/wp-json\/wp\/v2\/posts\/160614\/revisions"}],"predecessor-version":[{"id":160616,"href":"https:\/\/www.messinaoggi.it\/website\/wp-json\/wp\/v2\/posts\/160614\/revisions\/160616"}],"wp:featuredmedia":[{"embeddable":true,"href":"https:\/\/www.messinaoggi.it\/website\/wp-json\/wp\/v2\/media\/160615"}],"wp:attachment":[{"href":"https:\/\/www.messinaoggi.it\/website\/wp-json\/wp\/v2\/media?parent=160614"}],"wp:term":[{"taxonomy":"category","embeddable":true,"href":"https:\/\/www.messinaoggi.it\/website\/wp-json\/wp\/v2\/categories?post=160614"},{"taxonomy":"post_tag","embeddable":true,"href":"https:\/\/www.messinaoggi.it\/website\/wp-json\/wp\/v2\/tags?post=160614"}],"curies":[{"name":"wp","href":"https:\/\/api.w.org\/{rel}","templated":true}]}}