{"id":160593,"date":"2023-06-27T09:48:09","date_gmt":"2023-06-27T07:48:09","guid":{"rendered":"http:\/\/www.messinaoggi.it\/website\/?p=160593"},"modified":"2023-06-27T09:48:10","modified_gmt":"2023-06-27T07:48:10","slug":"premio-atena-da-giovedi-al-via","status":"publish","type":"post","link":"https:\/\/www.messinaoggi.it\/website\/2023\/06\/27\/premio-atena-da-giovedi-al-via\/","title":{"rendered":"Premio Atena, da gioved\u00ec al via"},"content":{"rendered":"\n<p>Dopo il grande successo dello scorso anno, torna, a Taormina la seconda edizione del <strong>Premio Atena Nike<\/strong>, due giorni dedicati al cinema e alla cultura.<div id=\"div-gpt-ad-Messinaoggi.it-DSK-300x250-corpoart\" style=\"text-align:center;margin:0 auto;\"><\/div><\/p>\n\n\n\n<p> La manifestazione prender\u00e0 il via gioved\u00ec 29 giugno 2023, dalle ore 20,30 nel trecentesco <strong>Palazzo dei Duchi di Santo Stefano<\/strong>, capolavoro siciliano di arte normanna, con la proiezione degli 11 cortometraggi finalisti in lizza. Nello stesso luogo, ma alle 18,30  i riflettori si accenderanno sui temi economici e legali della cinematografia, con la terza edizione del <strong>Convegno Cinema &amp; Imprese.<\/strong><div id=\"videoincontent\" style=\"clear:both\";><\/div><\/p>\n\n\n\n<p><strong> <\/strong>Venerd\u00ec 30 giugno 2023, dalle ore 21, nello scenario di <strong>Piazza del Carmine, a Taormina, <\/strong>avr\u00e0 luogo la serata di <strong>Gala<\/strong>, con la consegna degli ambiti <strong>Premi \u201c<em>Atena Nike\u201d<\/em><\/strong>.<\/p>\n\n\n\n<p><strong> <\/strong>Scopo del Premio, giunto alla seconda edizione, \u00e8 valorizzare e promuovere autori, registi, attori e musicisti, attraverso il dialogo e la diffusione delle loro opere audiovisive.<\/p>\n\n\n\n<p>Tanti i volti celebri che sfileranno sul \u201c<em>red carpet\u201d<\/em> di questa prestigiosa manifestazione nella veste di giurati, premiati, attori e registi finalisti.<\/p>\n\n\n\n<p>Il Premio \u201c<strong><em>Atena Nike\u201d<\/em><\/strong> intende anche valorizzare le nuove forze del nostro cinema, attori e registi che si sono fatti notare per il loro ingegno e la loro creativit\u00e0. Come gi\u00e0 nella prima edizione, uno spazio specifico sar\u00e0 dedicato ai talenti emergenti, nonch\u00e9 alle opere che si sono distinte per l\u2019impegno sociale.<\/p>\n\n\n\n<p> Patron e ideatore del Premio \u201c<strong><em>Atena Nike\u201d<\/em><\/strong> e \u201c<strong><em>Cinema &amp; Imprese<\/em><\/strong>\u201d \u00e8 <strong>Fabio Saccuzzo<\/strong>, Dottore Commercialista, mentre, la direzione artistica \u00e8 affidata al produttore cinematografico <strong>Giampietro Preziosa<\/strong>, CEO della Inthelfilm S.r.l..<\/p>\n\n\n\n<p>La madrina del premio \u00e8 <strong>Donatella Finocchiaro<\/strong>, invece, la conduzione dell\u2019evento, \u00e8 stata affidata ad <strong>Antonella Salvucci.<\/strong><\/p>\n\n\n\n<p> \u201c<em>Il Premio Atena Nike giunto alla sua seconda edizione <\/em>\u2013 afferma <strong>Fabio Saccuzzo<\/strong> &#8211; <em>ambisce a diventare un appuntamento fisso, un momento culturale, uno spazio legato al cinema che inizia a far parlare di s\u00e9. Un evento fatto di contenuti e di storie, che si presta in favore di questo magico mondo, il mondo del cinema e delle sue mille sfaccettature. Per me questo \u00e8 un momento importante, il mio lavoro parla di numeri, di fisco e di societ\u00e0 e, forse, per questo diventa ancora pi\u00f9 importante, per cui ho l\u2019onore di esserne il fondatore, l\u2019ideatore, di questo grande momento di incontro dove si celebra la vittoria dell\u2019arte<\/em>\u201c.<\/p>\n","protected":false},"excerpt":{"rendered":"<p>Dopo il grande successo dello scorso anno, torna, a Taormina la seconda edizione del Premio Atena Nike, due giorni dedicati al cinema e alla cultura. La manifestazione prender\u00e0 il via gioved\u00ec 29 giugno 2023, dalle ore 20,30 nel trecentesco Palazzo dei Duchi di Santo Stefano, capolavoro siciliano di arte normanna, con la proiezione degli 11 [&hellip;]<\/p>\n","protected":false},"author":2,"featured_media":160594,"comment_status":"open","ping_status":"open","sticky":false,"template":"","format":"standard","meta":{"ub_ctt_via":"","_mi_skip_tracking":false},"categories":[17,3],"tags":[2383,8166,73],"featured_image_src":"https:\/\/www.messinaoggi.it\/website\/wp-content\/uploads\/2023\/06\/claudia-gerini.jpg","author_info":{"display_name":"Redazione","author_link":"https:\/\/www.messinaoggi.it\/website\/author\/redazione\/"},"digistream_id":0,"digistream":false,"_links":{"self":[{"href":"https:\/\/www.messinaoggi.it\/website\/wp-json\/wp\/v2\/posts\/160593"}],"collection":[{"href":"https:\/\/www.messinaoggi.it\/website\/wp-json\/wp\/v2\/posts"}],"about":[{"href":"https:\/\/www.messinaoggi.it\/website\/wp-json\/wp\/v2\/types\/post"}],"author":[{"embeddable":true,"href":"https:\/\/www.messinaoggi.it\/website\/wp-json\/wp\/v2\/users\/2"}],"replies":[{"embeddable":true,"href":"https:\/\/www.messinaoggi.it\/website\/wp-json\/wp\/v2\/comments?post=160593"}],"version-history":[{"count":1,"href":"https:\/\/www.messinaoggi.it\/website\/wp-json\/wp\/v2\/posts\/160593\/revisions"}],"predecessor-version":[{"id":160595,"href":"https:\/\/www.messinaoggi.it\/website\/wp-json\/wp\/v2\/posts\/160593\/revisions\/160595"}],"wp:featuredmedia":[{"embeddable":true,"href":"https:\/\/www.messinaoggi.it\/website\/wp-json\/wp\/v2\/media\/160594"}],"wp:attachment":[{"href":"https:\/\/www.messinaoggi.it\/website\/wp-json\/wp\/v2\/media?parent=160593"}],"wp:term":[{"taxonomy":"category","embeddable":true,"href":"https:\/\/www.messinaoggi.it\/website\/wp-json\/wp\/v2\/categories?post=160593"},{"taxonomy":"post_tag","embeddable":true,"href":"https:\/\/www.messinaoggi.it\/website\/wp-json\/wp\/v2\/tags?post=160593"}],"curies":[{"name":"wp","href":"https:\/\/api.w.org\/{rel}","templated":true}]}}