{"id":160585,"date":"2023-06-26T22:07:52","date_gmt":"2023-06-26T20:07:52","guid":{"rendered":"https:\/\/www.messinaoggi.it\/website\/2023\/06\/26\/acquirente-unico-moles-scorte-energetiche-in-linea-con-le-previsioni\/"},"modified":"2023-06-26T22:07:52","modified_gmt":"2023-06-26T20:07:52","slug":"acquirente-unico-moles-scorte-energetiche-in-linea-con-le-previsioni","status":"publish","type":"post","link":"https:\/\/www.messinaoggi.it\/website\/2023\/06\/26\/acquirente-unico-moles-scorte-energetiche-in-linea-con-le-previsioni\/","title":{"rendered":"Acquirente Unico, Moles \u201cScorte energetiche in linea con le previsioni\u201d"},"content":{"rendered":"<div>ROMA (ITALPRESS) &#8211; &#8220;Ci sono alcuni compiti che Acquirente Unico ha svolto e continua a svolgere, soprattutto in questo momento, che sono molto rilevanti, si occupa del servizio di maggior tutela, a favore del cittadino che non ha esercitato l&#8217;opzione di scegliere uno dei tanti fornitori di energia&#8221;. Lo ha detto Giuseppe Moles, amministratore delegato di Acquirente Unico, intervistato da Claudio Brachino per la rubrica Primo Piano dell&#8217;agenzia Italpress.<br \/>&#8220;Il prodotto viene acquistato da Acquirente Unico e offerto ai fornitori del servizio, con un prezzo in qualche modo certificato come rispondente a quello che \u00e8 il prezzo del mercato. Poi ci sono tante altre attivit\u00e0, come lo sportello del consumatore, che fa anche da conciliatore tra il cittadino e il fornitore di energia. Abbiamo poi la responsabilit\u00e0 delle scorte in caso di necessit\u00e0 energetiche del Paese&#8221;. In riferimento alla fine del mercato di maggior tutela a fine anno, Moles sostiene: &#8220;Ci sono circa 4,5 milioni di utenti vulnerabili. Il mercato continuer\u00e0 ad essere attenzionato, e il governo sta agendo. Mentre quello che far\u00e0 Acquirente Unico sar\u00e0 fornire tutti gli strumenti a chiunque si trovi nella condizione di essere un soggetto vulnerabile di non essere buttato in una guerra di posizione. Molto importante sar\u00e0 la comunicazione che verr\u00e0 fornita ai cittadini. E a questo proposito incontrer\u00f2 tutte le associazioni dei consumatori per individuare gli strumenti migliori per dare ai cittadini la comunicazione migliore&#8221;.<br \/>Moles, esponente di Forza Italia, gi\u00e0 sottosegretario all&#8217;Editoria, risponde alle domande sulla stretta attualit\u00e0, a cominciare dall&#8217;evoluzione della situazione in Russia. &#8220;Ho seguito con molta attenzione fin dall&#8217;inizio questa marcia trionfale strana su Mosca. E&#8217; anche vero che le posizioni del capo della Wagner da settimane che si facevano sempre pi\u00f9 insistenti &#8211; spiega Moles -. Ora stanno uscendo tutta una serie di amicizie e collaborazioni del personaggio in s\u00e8. La realt\u00e0 \u00e8 che \u00e8 stato incomprensibile per tutti, compreso Putin, se \u00e8 vero come \u00e8 vero che alcuni Servizi erano a conoscenza di questo ammutinamento, poi il fatto che non l&#8217;abbiamo fermato \u00e8 perch\u00e8 \u00e8 sembrato anche a loro assurdo&#8221;. <br \/>Le sanzioni alla Russia per Moles &#8220;da un punto di vista economico hanno funzionato. Bisogna per\u00f2 ricordare che hanno effetto nel medio periodo. Ho sempre invece avuto delle perplessit\u00e0 sull&#8217;effetto politico delle sanzioni &#8211; prosegue -, perch\u00e8 molte volte hanno portato dei benefici al dittatore di turno, che in qualche modo se il sistema economico del Paese che \u00e8 colpito dalle sanzioni comincia a indebolirsi, i primi che ne fanno le spese sono i cittadini a basso reddito, e quindi \u00e8 facile dire alla propaganda del regime &#8216;\u00e8 colpa dell&#8217;Occident\u00e8. E di conseguenza solidificano un p\u00f2 il consenso del capo o del dittatore di turno. Per\u00f2 le sanzioni, con l&#8217;atteggiamento unito di America e Unione europea, hanno determinato una presa di coscienza per cui dipendere energeticamente da un solo Paese non era n\u00e8 giusto, n\u00e8 economicamente corretto, n\u00e8 sopportabile per gli interessi nazionale. Da qui lo sforzo fatto dal governo per l&#8217;autosufficienza energetica, che l&#8217;ha ottenuta quasi del tutto&#8221;.<br \/>Sul fronte energetico, per quanto riguarda le scorte &#8211; spiega Moles &#8211; &#8220;sono assolutamente in linea con le previsioni. Ho visto oggi il ministro Pichetto Fratin che faceva riferimento al raggiungimento al 90 per cento di quella che \u00e8 l&#8217;esigenza nazionale di tutto il comparto. Tutto quello che \u00e8 successo ci ha spinto a ragionare nel medio-lungo periodo, e questo dovrebbe essere un dovere di tutti i governi&#8221;.<br \/>L&#8217;ex sottosegretario parla poi del futuro di Forza Italia, dopo la scomparsa del fondatore Silvio Berlusconi. &#8220;Il partito ha una grossissima responsabilit\u00e0 perch\u00e8 deve trovare gli strumenti migliori per dare continuit\u00e0 all&#8217;idea nata con Berlusconi. Forza Italia \u00e8 sempre stato un partito anarchico, fermo restando che poi c&#8217;era la sintesi di Berlusconi, cosa che oggi non c&#8217;\u00e8. Se poi Forza Italia si dovesse tramutare in qualcosa di diverso credo che non potr\u00e0 avere il successo elettorale che merita. E&#8217; una fase molto delicata. Io sono moderatamente ottimista, l&#8217;importante \u00e8 non chiudersi a riccio nella difesa strenua di un contenitore&#8221;. Sul lavoro, invece, che sta facendo il suo successore, il sottosegretario all&#8217;Editoria Alberto Barachini, afferma: &#8220;Da quello che so c&#8217;\u00e8 continuit\u00e0, e sono contento, perch\u00e8 evidentemente si possono avere idee diverse di come sostenere un settore, ma Barachini ha dato continuit\u00e0 a quello che \u00e8 stato il lavoro precedente. E di quel lavoro io sono orgoglioso, in particolare sul copyright e di come abbiamo stabilito di dirimere le controversie su questo tema&#8221;.<div id=\"div-gpt-ad-Messinaoggi.it-DSK-300x250-corpoart\" style=\"text-align:center;margin:0 auto;\"><\/div><\/p>\n<p>&#8211; foto Italpress &#8211;<div id=\"videoincontent\" style=\"clear:both\";><\/div><\/p>\n<p>(ITALPRESS).<\/p><\/div>\n","protected":false},"excerpt":{"rendered":"<p>ROMA (ITALPRESS) &#8211; &#8220;Ci sono alcuni compiti che Acquirente Unico ha svolto e continua a svolgere, soprattutto in questo momento, che sono molto rilevanti, si occupa del servizio di maggior tutela, a favore del cittadino che non ha esercitato l&#8217;opzione di scegliere uno dei tanti fornitori di energia&#8221;. Lo ha detto Giuseppe Moles, amministratore delegato [&hellip;]<\/p>\n","protected":false},"author":18,"featured_media":160586,"comment_status":"closed","ping_status":"closed","sticky":false,"template":"","format":"standard","meta":{"ub_ctt_via":"","_mi_skip_tracking":false},"categories":[446],"tags":[783],"featured_image_src":"https:\/\/www.messinaoggi.it\/website\/wp-content\/uploads\/2023\/06\/20230626_1945.jpg","author_info":{"display_name":"Admin","author_link":"https:\/\/www.messinaoggi.it\/website\/author\/admin\/"},"digistream_id":0,"digistream":false,"_links":{"self":[{"href":"https:\/\/www.messinaoggi.it\/website\/wp-json\/wp\/v2\/posts\/160585"}],"collection":[{"href":"https:\/\/www.messinaoggi.it\/website\/wp-json\/wp\/v2\/posts"}],"about":[{"href":"https:\/\/www.messinaoggi.it\/website\/wp-json\/wp\/v2\/types\/post"}],"author":[{"embeddable":true,"href":"https:\/\/www.messinaoggi.it\/website\/wp-json\/wp\/v2\/users\/18"}],"replies":[{"embeddable":true,"href":"https:\/\/www.messinaoggi.it\/website\/wp-json\/wp\/v2\/comments?post=160585"}],"version-history":[{"count":0,"href":"https:\/\/www.messinaoggi.it\/website\/wp-json\/wp\/v2\/posts\/160585\/revisions"}],"wp:featuredmedia":[{"embeddable":true,"href":"https:\/\/www.messinaoggi.it\/website\/wp-json\/wp\/v2\/media\/160586"}],"wp:attachment":[{"href":"https:\/\/www.messinaoggi.it\/website\/wp-json\/wp\/v2\/media?parent=160585"}],"wp:term":[{"taxonomy":"category","embeddable":true,"href":"https:\/\/www.messinaoggi.it\/website\/wp-json\/wp\/v2\/categories?post=160585"},{"taxonomy":"post_tag","embeddable":true,"href":"https:\/\/www.messinaoggi.it\/website\/wp-json\/wp\/v2\/tags?post=160585"}],"curies":[{"name":"wp","href":"https:\/\/api.w.org\/{rel}","templated":true}]}}