{"id":160571,"date":"2023-06-26T20:08:01","date_gmt":"2023-06-26T18:08:01","guid":{"rendered":"https:\/\/www.messinaoggi.it\/website\/2023\/06\/26\/meloni-droghe-fanno-tutte-male-governo-non-si-volta-dallaltra-parte\/"},"modified":"2023-06-26T20:08:01","modified_gmt":"2023-06-26T18:08:01","slug":"meloni-droghe-fanno-tutte-male-governo-non-si-volta-dallaltra-parte","status":"publish","type":"post","link":"https:\/\/www.messinaoggi.it\/website\/2023\/06\/26\/meloni-droghe-fanno-tutte-male-governo-non-si-volta-dallaltra-parte\/","title":{"rendered":"Meloni \u201cDroghe fanno tutte male, Governo non si volta dall\u2019altra parte\u201d"},"content":{"rendered":"<div>ROMA (ITALPRESS) &#8211; &#8220;Questo governo non intende voltarsi dall&#8217;altra parte, ma vuole affrontare il problema&#8221; della droga: &#8220;\u00e8 finita la stagione dell&#8217;indifferenza e del disinteresse, il messaggio che vogliamo lanciare \u00e8 che lo Stato intende fare la sua parte per combattere un fenomeno che \u00e8 fuori controllo&#8221;. Lo ha detto la presidente del Consiglio, Giorgia Meloni, all&#8217;incontro organizzato dal dipartimento per le Politiche Antidroga della Presidenza del Consiglio in occasione della Giornata Mondiale contro le droghe, nell&#8217;Aula dei Gruppi Parlamentari della Camera.<br \/>&#8220;In passato c&#8217;\u00e8 stata soprattutto indifferenza, si \u00e8 preferito tenere i riflettori spenti sulla droga e sul fenomeno crescente delle dipendenze patologiche&#8221;, di cui &#8220;sembriamo accorgerci solo quando arriva una tragedia&#8221;. Il consumo di droga &#8220;\u00e8 stato banalizzato&#8221;, se non &#8220;addirittura propagandato&#8221;: \u00e8 come se considerassimo la droga alla stregua di una calamit\u00e0 inevitabile, ma \u00e8 un atteggiamento ipocrita. Quello che accade continuamente non \u00e8 inevitabile, n\u00e8 imprevedibile&#8221;, sottolinea la premier, che nel corso del suo intervento \u00e8 stata contestata dal deputato di +Europa, Riccardo Magi, che ha esposto un cartello con la scritta &#8216;Cannabis: se non ci pensa lo Stato ci pensa la mafi\u00e0&#8221;.<br \/>&#8220;Dovete accettare che c&#8217;\u00e8 un altro governo eletto dagli italiani, per fare esattamente quello che stiamo facendo&#8221;, risponde a Magi. &#8220;La droga fa male sempre e comunque&#8221; e &#8220;le droghe fanno male tutte: non riesco a capire come si faccia a considerare libert\u00e0 qualcosa che ti rende schiavo&#8221;, ribadisce la premier. &#8220;Vogliamo rimettere al centro le persone, ascoltando i loro bisogni con un approccio multidimensionale e multidisciplinare&#8221;, conclude.<br \/>Il sottosegretario alla Presidenza del Consiglio con delega alle Politiche antidroga, Alfredo Mantovano, spiega che l&#8217;obiettivo \u00e8 &#8220;superare il silenzio e l&#8217;indifferenza: il primo passo \u00e8 la corretta informazione, quindi la consapevolezza del fenomeno&#8221; della dipendenza dalla droga. &#8220;Nel 2022, 4,9 milioni di persone hanno fatto uso di almeno una sostanza stupefacente: \u00e8 il 10% della popolazione italiana&#8221;, con un aumento del consumo tra gli studenti. &#8220;Intendiamo ampliare le competenze del dipartimento delle politiche antidroga a ogni tipo di dipendenze&#8221; e &#8220;vanno conferite autonomia e consistenza alle risorse che sono dedicate al settore, con l&#8217;istituzione di un fondo nazionale per le dipendenze patologiche&#8221;. Inoltre bisogna &#8220;porre al centro del dibattito la questione fondamentale, che non \u00e8 la sostanza, ma la persona&#8221; e &#8220;vanno definite linee guida col ministero della Salute&#8221; sul trattamento della dipendenza per evitare differenze a seconda dei territori: &#8220;il filo conduttore deve essere la collaborazione tra le istituzioni sul territorio&#8221;, ma &#8220;la sfida cruciale \u00e8 quella educativa&#8221;.<br \/>Anche il presidente della Camera, Lorenzo Fontana, sottolinea l&#8217;importanza di &#8220;un impegno sempre maggiore sulla prevenzione&#8221;, attraverso &#8220;campagne di sensibilizzazione nelle scuole e per le famiglie&#8221; sui &#8220;danni provocati dalle droghe&#8221; e &#8220;sulle conseguenze che derivano dal consumo delle nuove droghe sintetiche&#8221;, perch\u00e8 &#8220;le droghe minano le fondamenta della societ\u00e0, delle famiglie e delle relazioni umane e purtroppo tendono a colpire anche fasce molto giovani della popolazione&#8221;, dice, ringraziando poi &#8220;le tante persone del settore pubblico, dell&#8217;associazionismo e del volontariato che sostengono e assistono ogni giorno le persone tossicodipendenti&#8221;. Secondo la relazione annuale della Direzione centrale per i servizi antidroga del ministero dell&#8217;Interno, ricorda Fontana, &#8220;dal 1973 pi\u00f9 di 26mila persone hanno perso la vita a causa degli stupefacenti: si tratta di un numero molto elevato e inaccettabile&#8221;. Il vicepresidente del Senato, Maurizio Gasparri, aggiunge che legalizzare le droghe leggere &#8220;\u00e8 una scelta sbagliata: dobbiamo andare nella direzione del recupero e dell&#8217;informazione&#8221; sui rischi del consumo di droga, ringraziando poi &#8220;coloro che sono in prima linea, le comunit\u00e0 e il volontariato, che aiutano a riprendere un percorso verso la vita&#8221;.<div id=\"div-gpt-ad-Messinaoggi.it-DSK-300x250-corpoart\" style=\"text-align:center;margin:0 auto;\"><\/div><\/p>\n<p>&#8211; foto Agenziafotogramma.it &#8211;<div id=\"videoincontent\" style=\"clear:both\";><\/div><\/p>\n<p>(ITALPRESS).<\/p><\/div>\n","protected":false},"excerpt":{"rendered":"<p>ROMA (ITALPRESS) &#8211; &#8220;Questo governo non intende voltarsi dall&#8217;altra parte, ma vuole affrontare il problema&#8221; della droga: &#8220;\u00e8 finita la stagione dell&#8217;indifferenza e del disinteresse, il messaggio che vogliamo lanciare \u00e8 che lo Stato intende fare la sua parte per combattere un fenomeno che \u00e8 fuori controllo&#8221;. Lo ha detto la presidente del Consiglio, Giorgia [&hellip;]<\/p>\n","protected":false},"author":18,"featured_media":160572,"comment_status":"closed","ping_status":"closed","sticky":false,"template":"","format":"standard","meta":{"ub_ctt_via":"","_mi_skip_tracking":false},"categories":[446],"tags":[783],"featured_image_src":"https:\/\/www.messinaoggi.it\/website\/wp-content\/uploads\/2023\/06\/20230626_1787.jpg","author_info":{"display_name":"Admin","author_link":"https:\/\/www.messinaoggi.it\/website\/author\/admin\/"},"digistream_id":0,"digistream":false,"_links":{"self":[{"href":"https:\/\/www.messinaoggi.it\/website\/wp-json\/wp\/v2\/posts\/160571"}],"collection":[{"href":"https:\/\/www.messinaoggi.it\/website\/wp-json\/wp\/v2\/posts"}],"about":[{"href":"https:\/\/www.messinaoggi.it\/website\/wp-json\/wp\/v2\/types\/post"}],"author":[{"embeddable":true,"href":"https:\/\/www.messinaoggi.it\/website\/wp-json\/wp\/v2\/users\/18"}],"replies":[{"embeddable":true,"href":"https:\/\/www.messinaoggi.it\/website\/wp-json\/wp\/v2\/comments?post=160571"}],"version-history":[{"count":0,"href":"https:\/\/www.messinaoggi.it\/website\/wp-json\/wp\/v2\/posts\/160571\/revisions"}],"wp:featuredmedia":[{"embeddable":true,"href":"https:\/\/www.messinaoggi.it\/website\/wp-json\/wp\/v2\/media\/160572"}],"wp:attachment":[{"href":"https:\/\/www.messinaoggi.it\/website\/wp-json\/wp\/v2\/media?parent=160571"}],"wp:term":[{"taxonomy":"category","embeddable":true,"href":"https:\/\/www.messinaoggi.it\/website\/wp-json\/wp\/v2\/categories?post=160571"},{"taxonomy":"post_tag","embeddable":true,"href":"https:\/\/www.messinaoggi.it\/website\/wp-json\/wp\/v2\/tags?post=160571"}],"curies":[{"name":"wp","href":"https:\/\/api.w.org\/{rel}","templated":true}]}}