{"id":160537,"date":"2023-06-26T18:07:54","date_gmt":"2023-06-26T16:07:54","guid":{"rendered":"https:\/\/www.messinaoggi.it\/website\/2023\/06\/26\/nel-nuovo-libro-di-cerasa-le-catene-che-legano-la-destra-al-passato\/"},"modified":"2023-06-26T18:07:54","modified_gmt":"2023-06-26T16:07:54","slug":"nel-nuovo-libro-di-cerasa-le-catene-che-legano-la-destra-al-passato","status":"publish","type":"post","link":"https:\/\/www.messinaoggi.it\/website\/2023\/06\/26\/nel-nuovo-libro-di-cerasa-le-catene-che-legano-la-destra-al-passato\/","title":{"rendered":"Nel nuovo libro di Cerasa le \u201ccatene\u201d che legano la destra al passato"},"content":{"rendered":"<div>ROMA (ITALPRESS) &#8211; &#8220;Le catene ti intrappolano, non ti permettono di liberare energie, di viaggiare alla velocit\u00e0 di crociera giusta. Le catene della destra la tengono legata a un passato tossico che spesso ritorna e che non le permette di fare quel volo che potrebbe&#8221;. Intervistato da Claudio Brachino per la rubrica Primo Piano dell&#8217;agenzia Italpress, il direttore del Foglio, Claudio Cerasa, ha presentato il suo nuovo libro &#8220;Le catene della destra. Scienza, guerra, giustizia, giovani, complottismo: l&#8217;ascesa degli impostori. Inchiesta su un grande imbroglio&#8221;, edito da Rizzoli, scritto prima dell&#8217;insediamento del nuovo Governo guidato da Giorgia Meloni.<br \/>&#8220;Le catene sono tante, il filo conduttore \u00e8 la libert\u00e0 &#8211; ha aggiunto -: la destra si \u00e8 presentata in modo truffaldino come garante della difesa di una libert\u00e0 generica, ma spesso la libert\u00e0 che difendeva era quella di essere estremista su ogni tema, dalla politica estera alla giustizia, la libert\u00e0 di contraddire e di attaccare il sistema dominante. Oggi queste catene emergono con grandissima forza e Giorgia Meloni in maniera silenziosa ogni giorno cerca di allentare o spezzarle, perch\u00e8 si \u00e8 resa conto che quanto seminato in questi anni dalla destra oggi si ripropone come un qualcosa di tossico che non permette alla destra di fare i conti con la realt\u00e0&#8221;. <br \/>&#8220;Quando la sinistra era molto forte ho fatto un libro contro la sinistra, ora che la destra \u00e8 molto forte ne ho fatto uno contro la destra, giusto per farmi volere male da tutti quanti &#8211; ha ironizzato il giornalista -. Quando parlo di &#8216;impostori della libert\u00e0&#8217; mi riferisco alla destra nazionalista, populista e sovranista, che ha spacciato l&#8217;idea di essere a difesa della libert\u00e0: \u00e8 proprio quella l&#8217;impostura &#8211; ha spiegato -. Quando decidi di offendere una libert\u00e0 sei un impostore della libert\u00e0, non si pu\u00f2 difenderne una offendendone un&#8217;altra&#8221;. Uno dei capitoli del saggio riguarda la guerra tra Russia e Ucraina: &#8220;Il conflitto \u00e8 stato un momento determinante nel passaggio da destra populista a destra moderna, capace anche di fare i conti con le contraddizioni del passato. Il 24 febbraio 2022 \u00e8 stato il giorno in cui la Meloni per la prima volta \u00e8 stata incoerente con il suo passato filorusso e filo putinista, ha fatto una scelta di campo che le ha consentito di entrare in una spirale di responsabilit\u00e0 &#8211; ha ricordato Cerasa -. Nei periodi della campagna elettorale la Lega per molti mesi ha avuto grandissime contraddizioni, ricordiamo che attualmente ha un accordo di cooperazione rafforzata col partito di Putin, rinnovato dopo inizio della guerra. Negli ultimi mesi \u00e8 emerso che la destra al Governo ha assunto nei fatti posizioni durissime contro la Russia e chiarissime a difesa dell&#8217;atlantismo. Il PD oggi \u00e8 pi\u00f9 debole nella difesa dell&#8217;Ucraina, il centrodestra ha riconosciuto la Russia come un paese terrorista, la sinistra ha votato n\u00ec&#8221;.<br \/>Infine, il direttore del Foglio ha riflettuto sui primi otto mesi del nuovo Governo e su come alcune delle considerazioni del proprio libro potrebbero essere riviste in positivo: &#8220;Dal mio punto di vista dall&#8217;uscita del libro a oggi il giudizio sulla Meloni \u00e8 cambiato, perch\u00e8 lei sta provando a cambiare la destra anche se non c&#8217;\u00e8 ancora riuscita, ora conosce il senso del limite. C&#8217;\u00e8 l&#8217;intenzione della creazione di una destra ambiziosa, anche se al momento prevale la frustrazione nel non riuscire a portare la destra dove forse lei vorrebbe &#8211; ha concluso -. Oggi dovrei forse aggiungere un capitolo su come la destra stia mostrando pi\u00f9 affidabilit\u00e0 della sinistra sulla guerra Russia-Ucraina&#8221;.<div id=\"div-gpt-ad-Messinaoggi.it-DSK-300x250-corpoart\" style=\"text-align:center;margin:0 auto;\"><\/div><\/p>\n<p>&#8211; foto Italpress &#8211;<div id=\"videoincontent\" style=\"clear:both\";><\/div><\/p>\n<p>(ITALPRESS).<\/p><\/div>\n","protected":false},"excerpt":{"rendered":"<p>ROMA (ITALPRESS) &#8211; &#8220;Le catene ti intrappolano, non ti permettono di liberare energie, di viaggiare alla velocit\u00e0 di crociera giusta. Le catene della destra la tengono legata a un passato tossico che spesso ritorna e che non le permette di fare quel volo che potrebbe&#8221;. Intervistato da Claudio Brachino per la rubrica Primo Piano dell&#8217;agenzia [&hellip;]<\/p>\n","protected":false},"author":18,"featured_media":160538,"comment_status":"closed","ping_status":"closed","sticky":false,"template":"","format":"standard","meta":{"ub_ctt_via":"","_mi_skip_tracking":false},"categories":[446],"tags":[783],"featured_image_src":"https:\/\/www.messinaoggi.it\/website\/wp-content\/uploads\/2023\/06\/20230626_1490.jpg","author_info":{"display_name":"Admin","author_link":"https:\/\/www.messinaoggi.it\/website\/author\/admin\/"},"digistream_id":0,"digistream":false,"_links":{"self":[{"href":"https:\/\/www.messinaoggi.it\/website\/wp-json\/wp\/v2\/posts\/160537"}],"collection":[{"href":"https:\/\/www.messinaoggi.it\/website\/wp-json\/wp\/v2\/posts"}],"about":[{"href":"https:\/\/www.messinaoggi.it\/website\/wp-json\/wp\/v2\/types\/post"}],"author":[{"embeddable":true,"href":"https:\/\/www.messinaoggi.it\/website\/wp-json\/wp\/v2\/users\/18"}],"replies":[{"embeddable":true,"href":"https:\/\/www.messinaoggi.it\/website\/wp-json\/wp\/v2\/comments?post=160537"}],"version-history":[{"count":0,"href":"https:\/\/www.messinaoggi.it\/website\/wp-json\/wp\/v2\/posts\/160537\/revisions"}],"wp:featuredmedia":[{"embeddable":true,"href":"https:\/\/www.messinaoggi.it\/website\/wp-json\/wp\/v2\/media\/160538"}],"wp:attachment":[{"href":"https:\/\/www.messinaoggi.it\/website\/wp-json\/wp\/v2\/media?parent=160537"}],"wp:term":[{"taxonomy":"category","embeddable":true,"href":"https:\/\/www.messinaoggi.it\/website\/wp-json\/wp\/v2\/categories?post=160537"},{"taxonomy":"post_tag","embeddable":true,"href":"https:\/\/www.messinaoggi.it\/website\/wp-json\/wp\/v2\/tags?post=160537"}],"curies":[{"name":"wp","href":"https:\/\/api.w.org\/{rel}","templated":true}]}}